{"id":860,"date":"2022-09-06T18:06:52","date_gmt":"2022-09-06T21:06:52","guid":{"rendered":"https:\/\/lucasdeoliveirapsi.com.br\/?p=860"},"modified":"2024-09-03T23:16:06","modified_gmt":"2024-09-04T02:16:06","slug":"a-campanha-do-setembro-amarelo","status":"publish","type":"post","link":"https:\/\/lucasdeoliveirapsi.com.br\/index.php\/2022\/09\/06\/a-campanha-do-setembro-amarelo\/","title":{"rendered":"A campanha do Setembro Amarelo"},"content":{"rendered":"\n<h2 class=\"wp-block-heading has-luminous-vivid-amber-background-color has-background\">O que \u00e9 &#8220;Setembro Amarelo&#8221;<\/h2>\n\n\n\n<p> Setembro amarelo se trata de uma campanha conscientiza\u00e7\u00e3o sobre a preven\u00e7\u00e3o ao suic\u00eddio, sendo no dia <strong>10 de setembro<\/strong> oficialmente o <strong>Dia Mundial de Preven\u00e7\u00e3o ao Suic\u00eddio<\/strong>.<\/p>\n\n\n\n<p> O &#8220;Dia Mundial de Preven\u00e7\u00e3o ao Suic\u00eddio&#8221; foi criado pela Associa\u00e7\u00e3o Internacional para a Preven\u00e7\u00e3o do Suic\u00eddio com o objetivo de chamar a aten\u00e7\u00e3o dos governos e da sociedade civil para a import\u00e2ncia do tema da preven\u00e7\u00e3o ao suic\u00eddio.<\/p>\n\n\n\n<h2 class=\"wp-block-heading has-light-green-cyan-background-color has-background\">Como surgiu o Dia Mundial de Preven\u00e7\u00e3o ao Suic\u00eddio e o Setembro Amarelo?<\/h2>\n\n\n\n<p>Sobre a origem da campanha, Caroline Cintra, do portal G1 DF (2022) apresentou a seguinte hist\u00f3ria:<\/p>\n\n\n<div class=\"wp-block-image is-resized\">\n<figure class=\"alignright size-medium\"><img loading=\"lazy\" decoding=\"async\" width=\"201\" height=\"300\" src=\"https:\/\/lucasdeoliveirapsi.com.br\/wp-content\/uploads\/2022\/09\/Laco-amarelo-com-sombra-201x300.png\" alt=\"\" class=\"wp-image-886\" style=\"aspect-ratio:0.67;width:138px;height:auto\" srcset=\"https:\/\/lucasdeoliveirapsi.com.br\/wp-content\/uploads\/2022\/09\/Laco-amarelo-com-sombra-201x300.png 201w, https:\/\/lucasdeoliveirapsi.com.br\/wp-content\/uploads\/2022\/09\/Laco-amarelo-com-sombra-687x1024.png 687w, https:\/\/lucasdeoliveirapsi.com.br\/wp-content\/uploads\/2022\/09\/Laco-amarelo-com-sombra-768x1144.png 768w, https:\/\/lucasdeoliveirapsi.com.br\/wp-content\/uploads\/2022\/09\/Laco-amarelo-com-sombra.png 811w\" sizes=\"auto, (max-width: 201px) 100vw, 201px\" \/><\/figure>\n<\/div>\n\n\n<blockquote class=\"wp-block-quote is-layout-flow wp-block-quote-is-layout-flow\">\n<p>A&nbsp;campanha do Setembro Amarelo&nbsp;foi inspirada na hist\u00f3ria de&nbsp;<strong>Mike Emme<\/strong>, que cometeu suic\u00eddio,&nbsp;<strong>aos 17 anos<\/strong>, em setembro de 1994, nos&nbsp;<a href=\"https:\/\/g1.globo.com\/tudo-sobre\/estados-unidos\/\">Estados Unidos<\/a>. Ele tinha um carro amarelo e, no dia do seu vel\u00f3rio, os pais e amigos distribu\u00edram cart\u00f5es com fitas amarelas e frases motivacionais para pessoas que pudessem estar enfrentando transtornos mentais e emocionais.<\/p>\n\n\n\n<p>As fitas amarelas se tornaram o s\u00edmbolo da campanha, que foi adotada em 2015 no Brasil pelo Centro de Valoriza\u00e7\u00e3o da Vida (CVV), pelo Conselho Federal de Medicina (CFM) e pela Associa\u00e7\u00e3o Brasileira de Psiquiatria (ABP). O m\u00e9dico Leonardo Rodrigues da Cruz explica que a campanha \u00e9 importante para reduzir preconceitos e conscientizar a popula\u00e7\u00e3o sobre os cuidados com a sa\u00fade mental \u2013 al\u00e9m de proporcionar a redu\u00e7\u00e3o do estigma &#8220;por meio da&nbsp;<strong>informa\u00e7\u00e3o respons\u00e1vel<\/strong>&#8220;.<\/p>\n<cite>G1 Distrito Federal.<\/cite><\/blockquote>\n\n\n\n<h2 class=\"wp-block-heading has-light-green-cyan-background-color has-background\">Dados mais recentes sobre o tema<\/h2>\n\n\n\n<p> O tema \u00e9 muito importante pois tem atingido o mundo em um n\u00edvel muito alto. Segundo a OMS &#8211; Organiza\u00e7\u00e3o Mundial da Sa\u00fade (2021) todos os anos morrem mais pessoas &#8220;como resultado de suic\u00eddio do que HIV, mal\u00e1ria ou c\u00e2ncer de mama &#8211; ou guerras e homic\u00eddios&#8221;. Segundo o relat\u00f3rio de 2019 da OMS, a cada ano, mais de 700 mil pessoas morreram por suic\u00eddio: uma em cada 100 mortes.<\/p>\n\n\n<div class=\"wp-block-image is-resized\">\n<figure class=\"alignright size-medium\"><img loading=\"lazy\" decoding=\"async\" width=\"300\" height=\"262\" src=\"https:\/\/lucasdeoliveirapsi.com.br\/wp-content\/uploads\/2022\/09\/oms-300x262.jpg\" alt=\"\" class=\"wp-image-924\" style=\"aspect-ratio:1.1450381679389312;width:162px;height:auto\" srcset=\"https:\/\/lucasdeoliveirapsi.com.br\/wp-content\/uploads\/2022\/09\/oms-300x262.jpg 300w, https:\/\/lucasdeoliveirapsi.com.br\/wp-content\/uploads\/2022\/09\/oms-768x670.jpg 768w, https:\/\/lucasdeoliveirapsi.com.br\/wp-content\/uploads\/2022\/09\/oms.jpg 870w\" sizes=\"auto, (max-width: 300px) 100vw, 300px\" \/><figcaption class=\"wp-element-caption\">OMS<\/figcaption><\/figure>\n<\/div>\n\n\n<blockquote class=\"wp-block-quote is-layout-flow wp-block-quote-is-layout-flow\">\n<p>As taxas de suic\u00eddio ca\u00edram nos 20 anos entre 2000 e 2019, com a taxa global diminuindo 36%, diminui\u00e7\u00f5es variando de 17% na regi\u00e3o do Mediterr\u00e2neo Oriental a 47% na regi\u00e3o europeia e 49% no Pac\u00edfico Ocidental. Mas na Regi\u00e3o das Am\u00e9ricas, as taxas aumentaram 17% no mesmo per\u00edodo.<\/p>\n\n\n\n<p>Embora alguns pa\u00edses tenham colocado a preven\u00e7\u00e3o do suic\u00eddio no topo de suas agendas, muitos permanecem n\u00e3o comprometidos. Atualmente, apenas 38 pa\u00edses s\u00e3o conhecidos por terem uma estrat\u00e9gia nacional de preven\u00e7\u00e3o do suic\u00eddio. \u00c9 necess\u00e1ria uma acelera\u00e7\u00e3o significativa na redu\u00e7\u00e3o de suic\u00eddios para cumprir a meta dos ODS de uma redu\u00e7\u00e3o de um ter\u00e7o na taxa global de suic\u00eddio at\u00e9 2030.<\/p>\n<cite>OMS (2021)<\/cite><\/blockquote>\n\n\n\n<p> Por mais que a n\u00edvel global esteja reduzindo, no nosso continente Americano o aumento de 17% deve trazer preocupa\u00e7\u00e3o. Pra al\u00e9m disso: Toda vida importa; uma morte por suic\u00eddio \u00e9 muito triste. Precisamos lutar para que esse n\u00famero seja reduzido, e ainda mais: para que se as pessoas consigam encontrar outros meios para acabar com o sofrimento, que  sejam saud\u00e1veis, que n\u00e3o seja o suic\u00eddio. <\/p>\n\n\n\n<h2 class=\"wp-block-heading has-vivid-red-background-color has-background\">Sobre o suic\u00eddio<\/h2>\n\n\n<div class=\"wp-block-image is-resized\">\n<figure class=\"alignleft size-medium\"><img loading=\"lazy\" decoding=\"async\" width=\"200\" height=\"300\" src=\"https:\/\/lucasdeoliveirapsi.com.br\/wp-content\/uploads\/2022\/09\/diferentes_caminhos_maturidade-200x300.jpg\" alt=\"\" class=\"wp-image-935\" srcset=\"https:\/\/lucasdeoliveirapsi.com.br\/wp-content\/uploads\/2022\/09\/diferentes_caminhos_maturidade-200x300.jpg 200w, https:\/\/lucasdeoliveirapsi.com.br\/wp-content\/uploads\/2022\/09\/diferentes_caminhos_maturidade.jpg 333w\" sizes=\"auto, (max-width: 200px) 100vw, 200px\" \/><\/figure>\n<\/div>\n\n\n<p> A tentativa de autoexterm\u00ednio, tamb\u00e9m conhecida por suic\u00eddio, geralmente \u00e9 usada com um recurso pra acabar com o sofrimento. Mas n\u00e3o pode ser visto como um recurso bom e \u00faltima sa\u00edda para o sofrimento.<\/p>\n\n\n\n<p> Uma pessoa que sofre muito e pensa nesse recurso, pode n\u00e3o conseguir <strong>enxergar outras formas<\/strong> de <strong>acabar com esse sofrimento<\/strong> e <strong>precisa urgentemente<\/strong> de ajuda de profissionais aptos para lhe dar com esse tipo de problema.<\/p>\n\n\n\n<p> Ele <strong>n\u00e3o est\u00e1 apenas ligado a <\/strong>quadros de<strong> Depress\u00e3o<\/strong>. Outros tipos de adoecimentos mentais tamb\u00e9m podem levar a pessoas terem o risco de suic\u00eddio. E ainda existem outros problemas sociais que est\u00e3o ligados a este risco, como brincadeiras de mal gosto, desafios imprudentes que colocam em risco a pr\u00f3pria vida e algumas filosofias de vida que levam pessoas a terem esse risco de realizar essa a\u00e7\u00e3o triste consigo mesma.<\/p>\n\n\n\n<p> Um ponto muito importante que quero resaltar aqui \u00e9 que pra pessoa chegar ao ponto de tentar realizar esta a\u00e7\u00e3o, na maioria dos casos, n\u00e3o se trata de algo do dia pra noite, mas, vem como o resultado de muito tempo de sofrimento e desvaloriza\u00e7\u00e3o da pr\u00f3pria vida.<\/p>\n\n\n\n<p> E muitas vezes os sinais de que algo n\u00e3o est\u00e1 bem com a pessoa j\u00e1 vem sido apresentados a muito tempo, mas por conta da falta de di\u00e1logo ou de diversos outros fatores, como a rotina fren\u00e9tica ou a normaliza\u00e7\u00e3o do sofrimento, podem fazer com que esses sinais n\u00e3o sejam percebidos pelas pessoas que convivem com pessoas com a idea\u00e7\u00e3o de realizar essa auto agress\u00e3o.<\/p>\n\n\n\n<p> De uma forma mais metaf\u00f3rica, o sofrimento e os problemas que acontecem com a pessoa podem ser extressantes e aculmular gerando mais sofrimento, como uma panela de press\u00e3o (sendo a press\u00e3o esse ac\u00famulo de sofrimento e problemas), e se n\u00e3o for trata, podem ser estourada. A pessoa pode, como uma panela de press\u00e3o com o pino intopido, estourar para fora, com atitudes agressivas com outras pessoas a sua volta, ou pode estrourar para dentro realiza\u00e7\u00e3o a auto agress\u00e3o, ou at\u00e9 chegando a tentar o suic\u00eddio.<\/p>\n\n\n\n<p> O sofrimento que pode gerar o risco da n\u00e3o valoriza\u00e7\u00e3o da pr\u00f3pria vida e chegada a este ato consigo mesmo, passa por diversos problemas ao longo da vida da pessoa, incluindo o bulling, os problemas familiares, hist\u00f3ricos de casos na fam\u00edlia, hist\u00f3ricos de relacionamentos e a constru\u00e7\u00e3o da autoestima, al\u00e9m de fatores biol\u00f3gicos.<\/p>\n\n\n\n<p>\u00c9 um problema muito dif\u00edcil e que devemos tentar resolver. Pois as <strong>vidas devem ser valorizadas<\/strong>.<\/p>\n\n\n\n<h2 class=\"wp-block-heading has-luminous-vivid-orange-background-color has-background\">O que pode ser feito?<\/h2>\n\n\n\n<p>Com a inten\u00e7\u00e3o de ajudar na redu\u00e7\u00e3o das taxas de suic\u00eddio, a OMS em 2021 lan\u00e7ou uma orienta\u00e7\u00e3o chamada \u201c<a href=\"https:\/\/www.who.int\/publications\/i\/item\/9789240026629\" target=\"_blank\" rel=\"noreferrer noopener\">LIVE LIFE<\/a>\u201d, e definiu <strong>4 estrat\u00e9gias<\/strong>:<\/p>\n\n\n<div class=\"wp-block-image\">\n<figure class=\"alignleft size-full\"><a href=\"https:\/\/www.who.int\/publications\/i\/item\/9789240026629\" target=\"_blank\" rel=\"noreferrer noopener\"><img loading=\"lazy\" decoding=\"async\" width=\"170\" height=\"240\" src=\"https:\/\/lucasdeoliveirapsi.com.br\/wp-content\/uploads\/2022\/09\/9789240026629-eng.pdf.jpg\" alt=\"\" class=\"wp-image-884\"\/><\/a><\/figure>\n<\/div>\n\n<div class=\"wp-block-image is-resized\">\n<figure class=\"alignleft size-full\"><img loading=\"lazy\" decoding=\"async\" width=\"512\" height=\"512\" src=\"https:\/\/lucasdeoliveirapsi.com.br\/wp-content\/uploads\/2022\/08\/curve-arrow.png\" alt=\"\" class=\"wp-image-782\" style=\"aspect-ratio:1;width:29px;height:auto\" srcset=\"https:\/\/lucasdeoliveirapsi.com.br\/wp-content\/uploads\/2022\/08\/curve-arrow.png 512w, https:\/\/lucasdeoliveirapsi.com.br\/wp-content\/uploads\/2022\/08\/curve-arrow-300x300.png 300w, https:\/\/lucasdeoliveirapsi.com.br\/wp-content\/uploads\/2022\/08\/curve-arrow-150x150.png 150w\" sizes=\"auto, (max-width: 512px) 100vw, 512px\" \/><\/figure>\n<\/div>\n\n\n<p class=\"has-text-align-left\"><strong><em>Limitar o acesso aos m\u00e9todos de suic\u00eddio, como pesticidas e armas de fogo altamente perigosos;<\/em><\/strong><\/p>\n\n\n<div class=\"wp-block-image is-resized\">\n<figure class=\"alignleft size-full\"><img loading=\"lazy\" decoding=\"async\" width=\"512\" height=\"512\" src=\"https:\/\/lucasdeoliveirapsi.com.br\/wp-content\/uploads\/2022\/08\/curve-arrow.png\" alt=\"\" class=\"wp-image-782\" style=\"aspect-ratio:1;width:28px;height:auto\" srcset=\"https:\/\/lucasdeoliveirapsi.com.br\/wp-content\/uploads\/2022\/08\/curve-arrow.png 512w, https:\/\/lucasdeoliveirapsi.com.br\/wp-content\/uploads\/2022\/08\/curve-arrow-300x300.png 300w, https:\/\/lucasdeoliveirapsi.com.br\/wp-content\/uploads\/2022\/08\/curve-arrow-150x150.png 150w\" sizes=\"auto, (max-width: 512px) 100vw, 512px\" \/><\/figure>\n<\/div>\n\n\n<p class=\"has-text-align-left\"><strong><em>Educar a m\u00eddia sobre a cobertura respons\u00e1vel do suic\u00eddio;<\/em><\/strong><\/p>\n\n\n<div class=\"wp-block-image is-resized\">\n<figure class=\"alignleft size-full\"><img loading=\"lazy\" decoding=\"async\" width=\"512\" height=\"512\" src=\"https:\/\/lucasdeoliveirapsi.com.br\/wp-content\/uploads\/2022\/08\/curve-arrow.png\" alt=\"\" class=\"wp-image-782\" style=\"aspect-ratio:1;width:28px;height:auto\" srcset=\"https:\/\/lucasdeoliveirapsi.com.br\/wp-content\/uploads\/2022\/08\/curve-arrow.png 512w, https:\/\/lucasdeoliveirapsi.com.br\/wp-content\/uploads\/2022\/08\/curve-arrow-300x300.png 300w, https:\/\/lucasdeoliveirapsi.com.br\/wp-content\/uploads\/2022\/08\/curve-arrow-150x150.png 150w\" sizes=\"auto, (max-width: 512px) 100vw, 512px\" \/><\/figure>\n<\/div>\n\n\n<p class=\"has-text-align-left\"><strong><em>Promover habilidades socioemocionais para a vida em adolescentes;<\/em><\/strong><\/p>\n\n\n<div class=\"wp-block-image is-resized\">\n<figure class=\"alignleft size-full\"><img loading=\"lazy\" decoding=\"async\" width=\"512\" height=\"512\" src=\"https:\/\/lucasdeoliveirapsi.com.br\/wp-content\/uploads\/2022\/08\/curve-arrow.png\" alt=\"\" class=\"wp-image-782\" style=\"aspect-ratio:1;width:27px;height:auto\" srcset=\"https:\/\/lucasdeoliveirapsi.com.br\/wp-content\/uploads\/2022\/08\/curve-arrow.png 512w, https:\/\/lucasdeoliveirapsi.com.br\/wp-content\/uploads\/2022\/08\/curve-arrow-300x300.png 300w, https:\/\/lucasdeoliveirapsi.com.br\/wp-content\/uploads\/2022\/08\/curve-arrow-150x150.png 150w\" sizes=\"auto, (max-width: 512px) 100vw, 512px\" \/><\/figure>\n<\/div>\n\n\n<p><strong><em>Identifica\u00e7\u00e3o precoce, avalia\u00e7\u00e3o, gest\u00e3o e acompanhamento de qualquer pessoa afetada por pensamentos e comportamentos suicidas.<\/em><\/strong><\/p>\n\n\n\n<p> Essas estrat\u00e9gias podem ser aplicadas n\u00e3o somente a n\u00edvel governamental, mas tamb\u00e9m a n\u00edvel pessoal.  Uma fam\u00edlia ou grupo de amigos ou outro grupos pequenos podem adaptar tais medidas a n\u00edveis mais pr\u00f3ximos de cada pessoa.<\/p>\n\n\n\n<h2 class=\"wp-block-heading has-vivid-green-cyan-background-color has-background\">Medidas que podem ser tomadas a n\u00edvel pessoal<\/h2>\n\n\n\n<p> Se voc\u00ea tem alguma pessoa pr\u00f3xima a voc\u00ea que esteja sofrendo e com algum risco de suic\u00eddio, voc\u00ea pode tomar algumas medidas para ajudar:<\/p>\n\n\n<div class=\"wp-block-image is-resized\">\n<figure class=\"alignleft size-full\"><img loading=\"lazy\" decoding=\"async\" width=\"64\" height=\"64\" src=\"https:\/\/lucasdeoliveirapsi.com.br\/wp-content\/uploads\/2022\/08\/icons8-arrow-642.png\" alt=\"\" class=\"wp-image-825\" style=\"aspect-ratio:1;width:36px;height:auto\"\/><\/figure>\n<\/div>\n\n\n<p><strong><em>Conhecer sobre o tema<\/em><\/strong>. Buscar informa\u00e7\u00e3o \u00e9 sempre bom, pois assim, voc\u00ea pode ajudar melhor n\u00e3o s\u00f3 a voc\u00ea, seus familiares, mas tamb\u00e9m outras pessoas.<\/p>\n\n\n<div class=\"wp-block-image is-resized\">\n<figure class=\"alignleft size-full\"><img loading=\"lazy\" decoding=\"async\" width=\"64\" height=\"64\" src=\"https:\/\/lucasdeoliveirapsi.com.br\/wp-content\/uploads\/2022\/08\/icons8-arrow-642.png\" alt=\"\" class=\"wp-image-825\" style=\"aspect-ratio:1;object-fit:cover;width:36px\"\/><\/figure>\n<\/div>\n\n\n<p><strong><em>Procurar ajuda profissional ou indicar ajuda profissional. <\/em><\/strong>Levar a pessoa at\u00e9 um servi\u00e7o de assist\u00eancia e apoio (servi\u00e7o de plant\u00e3o psicol\u00f3gico, <a href=\"https:\/\/lucasdeoliveirapsi.com.br\/index.php\/sobre\/\" target=\"_blank\" rel=\"noopener\" title=\"psic\u00f3logos\">psic\u00f3logos<\/a>, servi\u00e7o m\u00e9dico, servi\u00e7o de apoio do <a href=\"https:\/\/www.cvv.org.br\/\" target=\"_blank\" rel=\"noopener\" title=\"CVV\">CVV<\/a>). <\/p>\n\n\n<div class=\"wp-block-image is-resized\">\n<figure class=\"alignleft size-full\"><img loading=\"lazy\" decoding=\"async\" width=\"64\" height=\"64\" src=\"https:\/\/lucasdeoliveirapsi.com.br\/wp-content\/uploads\/2022\/08\/icons8-arrow-642.png\" alt=\"\" class=\"wp-image-825\" style=\"width:36px\"\/><\/figure>\n<\/div>\n\n\n<p> <em><strong>Aprender a identificar se tem algo que n\u00e3o est\u00e1 legal<\/strong><\/em>. Existem sinais de que a sa\u00fade mental de algu\u00e9m n\u00e3o est\u00e1 legal, e em meio a diversos problemas de sa\u00fade mental; os adoecimentos e o risco de suic\u00eddio podem surgir. Aprender a identificar sinais de que algo n\u00e3o est\u00e1 bem pode ser um dos passos pra conseguir ajudar a si mesmo e as pessoas a nossa volta.<\/p>\n\n\n<div class=\"wp-block-image is-resized\">\n<figure class=\"alignleft size-full\"><img loading=\"lazy\" decoding=\"async\" width=\"64\" height=\"64\" src=\"https:\/\/lucasdeoliveirapsi.com.br\/wp-content\/uploads\/2022\/08\/icons8-arrow-642.png\" alt=\"\" class=\"wp-image-825\" style=\"width:36px\"\/><\/figure>\n<\/div>\n\n\n<p><strong><em>Conhecer os meios de prevenir o suic\u00eddio<\/em><\/strong>, <strong><em>aprender a lhe dar com as pessoas com riscos de suic\u00eddio<\/em><\/strong>. Aprender a como lhe dar com as pessoas que est\u00e3o com risco de suic\u00eddio, al\u00e9m conhecer os meios de preven\u00e7\u00e3o podem ajudar na redu\u00e7\u00e3o esse risco.<\/p>\n\n\n<div class=\"wp-block-image is-resized\">\n<figure class=\"alignleft size-full\"><img loading=\"lazy\" decoding=\"async\" width=\"64\" height=\"64\" src=\"https:\/\/lucasdeoliveirapsi.com.br\/wp-content\/uploads\/2022\/08\/icons8-arrow-642.png\" alt=\"\" class=\"wp-image-825\" style=\"width:36px\"\/><\/figure>\n<\/div>\n\n\n<p><strong><em>Estar perto da pessoa que est\u00e1 com o risco de fazer isso.<\/em><\/strong> Se voc\u00ea tem alguma familiar, ou amigo nessa situa\u00e7\u00e3o, estar perto dessa pessoa e dar apoio a esta pessoa \u00e9 um meio para ajudar a evitar o risco porque dificulta a pessoa que esta sofrendo de fazer algo que possa fazer mal pra ela mesma. <\/p>\n\n\n<div class=\"wp-block-image is-resized\">\n<figure class=\"alignleft size-full\"><img loading=\"lazy\" decoding=\"async\" width=\"64\" height=\"64\" src=\"https:\/\/lucasdeoliveirapsi.com.br\/wp-content\/uploads\/2022\/08\/icons8-arrow-642.png\" alt=\"\" class=\"wp-image-825\" style=\"width:36px\"\/><\/figure>\n<\/div>\n\n\n<p><strong><em>Ou\u00e7a as pessoas.<\/em><\/strong> Empreste o seu ouvido, escute mais as pessoas, d\u00ea aten\u00e7\u00e3o, ofere\u00e7a a disposi\u00e7\u00e3o para que as pessoas falem com voc\u00ea dos problemas delas.<\/p>\n\n\n<div class=\"wp-block-image is-resized\">\n<figure class=\"alignright size-large\"><img loading=\"lazy\" decoding=\"async\" width=\"1024\" height=\"1024\" src=\"https:\/\/lucasdeoliveirapsi.com.br\/wp-content\/uploads\/2022\/09\/October-25-2019-1024x1024.png\" alt=\"10 de Setembro (todos os anos): Dia Mundial de Preven\u00e7\u00e3o ao Suic\u00eddio. 10 de Outubro (todos os anos): Dia Mundial da Sa\u00fade Mental.\nNovembro (varia o dia de novembro a cada ano): Dia Internacional dos sobreviventes enlutados pelo suic\u00eddio.\" class=\"wp-image-883\" style=\"aspect-ratio:1;width:212px;height:auto\" srcset=\"https:\/\/lucasdeoliveirapsi.com.br\/wp-content\/uploads\/2022\/09\/October-25-2019-1024x1024.png 1024w, https:\/\/lucasdeoliveirapsi.com.br\/wp-content\/uploads\/2022\/09\/October-25-2019-300x300.png 300w, https:\/\/lucasdeoliveirapsi.com.br\/wp-content\/uploads\/2022\/09\/October-25-2019-150x150.png 150w, https:\/\/lucasdeoliveirapsi.com.br\/wp-content\/uploads\/2022\/09\/October-25-2019-768x768.png 768w, https:\/\/lucasdeoliveirapsi.com.br\/wp-content\/uploads\/2022\/09\/October-25-2019.png 1080w\" sizes=\"auto, (max-width: 1024px) 100vw, 1024px\" \/><figcaption class=\"wp-element-caption\">Dias para serem lembrados.<\/figcaption><\/figure>\n<\/div>\n\n<div class=\"wp-block-image is-resized\">\n<figure class=\"alignleft size-full\"><img loading=\"lazy\" decoding=\"async\" width=\"64\" height=\"64\" src=\"https:\/\/lucasdeoliveirapsi.com.br\/wp-content\/uploads\/2022\/08\/icons8-arrow-642.png\" alt=\"\" class=\"wp-image-825\" style=\"width:36px\"\/><\/figure>\n<\/div>\n\n\n<p><strong><em>Para &#8220;Limitar o acesso aos m\u00e9todos de suic\u00eddio, como pesticidas e armas de fogo altamente perigosos&#8221;<\/em><\/strong>; \u00e9 poss\u00edvel afastar objetos como estes das pessoas que sabemos que est\u00e3o com algum risco; escondendo facas, rem\u00e9dios, armas entre outro objetos. <\/p>\n\n\n\n<p> Por exemplo, caso uma pessoa tome algum rem\u00e9dio controlado,  ajudar essa pessoa dando o rem\u00e9dio nas dosagens certas nos hor\u00e1rios indicados pelo m\u00e9dico e guardar estes rem\u00e9dios em lugares onde a pessoa que esteja sofrendo por idea\u00e7\u00e3o suicida (pensando em se matar) n\u00e3o tenha acesso f\u00e1cil, assim \u00e9 poss\u00edvel dificultar as tentativas.<\/p>\n\n\n<div class=\"wp-block-image is-resized\">\n<figure class=\"alignleft size-full\"><img loading=\"lazy\" decoding=\"async\" width=\"64\" height=\"64\" src=\"https:\/\/lucasdeoliveirapsi.com.br\/wp-content\/uploads\/2022\/08\/icons8-arrow-642.png\" alt=\"\" class=\"wp-image-825\" style=\"width:36px\"\/><\/figure>\n<\/div>\n\n\n<p><em><strong>Buscar ajuda profissional<\/strong><\/em>, al\u00e9m de outras a\u00e7\u00f5es, podem contribuir para que menos pessoas busquem esse meio para aliviar o seu sofrimento.<\/p>\n\n\n<div class=\"wp-block-image is-resized\">\n<figure class=\"alignleft size-full\"><img loading=\"lazy\" decoding=\"async\" width=\"64\" height=\"64\" src=\"https:\/\/lucasdeoliveirapsi.com.br\/wp-content\/uploads\/2022\/08\/icons8-arrow-642.png\" alt=\"\" class=\"wp-image-825\" style=\"width:36px\"\/><\/figure>\n<\/div>\n\n\n<p><strong><em>Criar essa rede de apoio:<\/em><\/strong> fam\u00edlia, amigos, contato profissional, escola, etc.; pode ajudar para mudar essa realidade. O suic\u00eddio n\u00e3o \u00e9 o \u00faltimo recurso pra sair do sofrimento, existe outra sa\u00edda.<\/p>\n\n\n\n<h2 class=\"wp-block-heading has-vivid-green-cyan-background-color has-background\">Existem muitos outros caminhos para aliviar os sofrimentos<\/h2>\n\n\n\n<p> Se voc\u00ea est\u00e1 passando pro sofrimentos desse tipo, pensando nesse meio de al\u00edvio, ou conhece algu\u00e9m nessa condi\u00e7\u00e3o, <strong>procure e indique ajuda profissional<\/strong>.<\/p>\n\n\n\n<p class=\"has-text-align-center\"><strong>Existem outras sa\u00eddas. A sua vida vale muito.<\/strong><\/p>\n\n\n\n<p> Precisando de ajuda pode me procurar, sou psic\u00f3logo cl\u00ednico e ofere\u00e7o acompanhamento psicol\u00f3gico online e presencial, para mais informa\u00e7\u00f5es entre em contato pelo n\u00famero (31) 971730541 ou  <a href=\"https:\/\/lucasdeoliveirapsi.com.br\/index.php\/sobre\/\" target=\"_blank\" rel=\"noopener\" title=\"clique aqui\">clique aqui<\/a>.<\/p>\n\n\n<div style=\"font-size:23px;\" class=\"wp-block-post-author\"><div class=\"wp-block-post-author__avatar\"><img alt='' src='https:\/\/secure.gravatar.com\/avatar\/89695c79f01fabba49ffc4a941f02dc7940051bfae34e94fbde396de492c1ad1?s=48&#038;d=mm&#038;r=g' srcset='https:\/\/secure.gravatar.com\/avatar\/89695c79f01fabba49ffc4a941f02dc7940051bfae34e94fbde396de492c1ad1?s=96&#038;d=mm&#038;r=g 2x' class='avatar avatar-48 photo' height='48' width='48' \/><\/div><div class=\"wp-block-post-author__content\"><p class=\"wp-block-post-author__byline\">Psic\u00f3logo Clinico (CRP-04\/63762), Bacharel em Psicologia pelo Centro Universit\u00e1rio de Vi\u00e7osa e p\u00f3s-graduando em Psicossom\u00e1tica no IJEP \u2013 Instituto Junguiano de Ensino e Pesquisa<\/p><p class=\"wp-block-post-author__name\">Lucas<\/p><\/div><\/div>\n\n<div class=\"wp-block-image is-resized\">\n<figure class=\"alignleft size-thumbnail\"><img loading=\"lazy\" decoding=\"async\" width=\"150\" height=\"150\" src=\"https:\/\/lucasdeoliveirapsi.com.br\/wp-content\/uploads\/2022\/09\/512px-World_Globe_Flat_Icon_Vector.svg_-150x150.png\" alt=\"\" class=\"wp-image-918\" srcset=\"https:\/\/lucasdeoliveirapsi.com.br\/wp-content\/uploads\/2022\/09\/512px-World_Globe_Flat_Icon_Vector.svg_-150x150.png 150w, https:\/\/lucasdeoliveirapsi.com.br\/wp-content\/uploads\/2022\/09\/512px-World_Globe_Flat_Icon_Vector.svg_-300x300.png 300w, https:\/\/lucasdeoliveirapsi.com.br\/wp-content\/uploads\/2022\/09\/512px-World_Globe_Flat_Icon_Vector.svg_.png 512w\" sizes=\"auto, (max-width: 150px) 100vw, 150px\" \/><\/figure>\n<\/div>\n\n\n<h2 class=\"wp-block-heading has-pale-cyan-blue-background-color has-background\">Fontes:<\/h2>\n\n\n\n<p><\/p>\n\n\n\n<p class=\"has-white-background-color has-background\"><a href=\"https:\/\/brasilescola.uol.com.br\/saude\/setembro-amarelo.htm\">https:\/\/brasilescola.uol.com.br\/saude\/setembro-amarelo.htm<\/a><\/p>\n\n\n\n<p class=\"has-white-background-color has-background\"><a href=\"https:\/\/www.setembroamarelo.com\/\">https:\/\/www.setembroamarelo.com\/<\/a><\/p>\n\n\n\n<p class=\"has-white-background-color has-background\"><a href=\"https:\/\/g1.globo.com\/df\/distrito-federal\/noticia\/2022\/09\/04\/setembro-amarelo-entenda-como-surgiu-a-campanha-para-prevenir-suicidios.ghtml\">https:\/\/g1.globo.com\/df\/distrito-federal\/noticia\/2022\/09\/04\/setembro-amarelo-entenda-como-surgiu-a-campanha-para-prevenir-suicidios.ghtml<\/a><\/p>\n\n\n\n<p class=\"has-white-background-color has-background\"><a href=\"https:\/\/www.paho.org\/pt\/noticias\/17-6-2021-uma-em-cada-100-mortes-ocorre-por-suicidio-revelam-estatisticas-da-oms\">https:\/\/www.paho.org\/pt\/noticias\/17-6-2021-uma-em-cada-100-mortes-ocorre-por-suicidio-revelam-estatisticas-da-oms<\/a><\/p>\n\n\n\n<p class=\"has-white-background-color has-background\"><a href=\"https:\/\/www.cvv.org.br\/\">https:\/\/www.cvv.org.br\/<\/a><\/p>\n\n\n\n<blockquote class=\"wp-block-quote has-background is-layout-flow wp-block-quote-is-layout-flow\" style=\"background-color:#aa71df\">\n<p>Confira tamb\u00e9m os artigos: <a href=\"https:\/\/lucasdeoliveirapsi.com.br\/index.php\/2022\/04\/13\/lhe-dar-com-a-perda-de-alguem\/\">LHE DAR COM A PERDA DE ALGU\u00c9M<\/a>,<\/p>\n\n\n\n<p><a href=\"https:\/\/lucasdeoliveirapsi.com.br\/index.php\/2022\/04\/14\/a-musica-que-nao-sai-da-cabeca\/\">A M\u00daSICA QUE N\u00c3O SAI DA CABE\u00c7A<\/a> e <a href=\"https:\/\/lucasdeoliveirapsi.com.br\/index.php\/2022\/04\/14\/saude\/\">VAMOS FALA DE SA\u00daDE?<\/a><\/p>\n<\/blockquote>\n\n\n\n<figure class=\"wp-block-image alignwide size-full\"><img loading=\"lazy\" decoding=\"async\" width=\"600\" height=\"200\" src=\"https:\/\/lucasdeoliveirapsi.com.br\/wp-content\/uploads\/2022\/04\/Comparilhe.png\" alt=\"\" class=\"wp-image-129\" srcset=\"https:\/\/lucasdeoliveirapsi.com.br\/wp-content\/uploads\/2022\/04\/Comparilhe.png 600w, https:\/\/lucasdeoliveirapsi.com.br\/wp-content\/uploads\/2022\/04\/Comparilhe-300x100.png 300w\" sizes=\"auto, (max-width: 600px) 100vw, 600px\" \/><\/figure>\n","protected":false},"excerpt":{"rendered":"<p>O que \u00e9 &#8220;Setembro Amarelo&#8221; Setembro amarelo se trata de uma campanha conscientiza\u00e7\u00e3o sobre a preven\u00e7\u00e3o ao suic\u00eddio, sendo no dia 10 de setembro oficialmente &#8230;. <\/p>\n","protected":false},"author":1,"featured_media":881,"comment_status":"open","ping_status":"open","sticky":false,"template":"","format":"standard","meta":{"om_disable_all_campaigns":false,"footnotes":""},"categories":[7],"tags":[13,14,10,9,84],"class_list":["post-860","post","type-post","status-publish","format-standard","has-post-thumbnail","hentry","category-saude-mental","tag-psicologia","tag-psicoterapia","tag-saude","tag-saude-mental","tag-suicidio"],"aioseo_notices":[],"_links":{"self":[{"href":"https:\/\/lucasdeoliveirapsi.com.br\/index.php\/wp-json\/wp\/v2\/posts\/860","targetHints":{"allow":["GET"]}}],"collection":[{"href":"https:\/\/lucasdeoliveirapsi.com.br\/index.php\/wp-json\/wp\/v2\/posts"}],"about":[{"href":"https:\/\/lucasdeoliveirapsi.com.br\/index.php\/wp-json\/wp\/v2\/types\/post"}],"author":[{"embeddable":true,"href":"https:\/\/lucasdeoliveirapsi.com.br\/index.php\/wp-json\/wp\/v2\/users\/1"}],"replies":[{"embeddable":true,"href":"https:\/\/lucasdeoliveirapsi.com.br\/index.php\/wp-json\/wp\/v2\/comments?post=860"}],"version-history":[{"count":74,"href":"https:\/\/lucasdeoliveirapsi.com.br\/index.php\/wp-json\/wp\/v2\/posts\/860\/revisions"}],"predecessor-version":[{"id":1752,"href":"https:\/\/lucasdeoliveirapsi.com.br\/index.php\/wp-json\/wp\/v2\/posts\/860\/revisions\/1752"}],"wp:featuredmedia":[{"embeddable":true,"href":"https:\/\/lucasdeoliveirapsi.com.br\/index.php\/wp-json\/wp\/v2\/media\/881"}],"wp:attachment":[{"href":"https:\/\/lucasdeoliveirapsi.com.br\/index.php\/wp-json\/wp\/v2\/media?parent=860"}],"wp:term":[{"taxonomy":"category","embeddable":true,"href":"https:\/\/lucasdeoliveirapsi.com.br\/index.php\/wp-json\/wp\/v2\/categories?post=860"},{"taxonomy":"post_tag","embeddable":true,"href":"https:\/\/lucasdeoliveirapsi.com.br\/index.php\/wp-json\/wp\/v2\/tags?post=860"}],"curies":[{"name":"wp","href":"https:\/\/api.w.org\/{rel}","templated":true}]}}