{"id":714,"date":"2022-07-14T10:51:37","date_gmt":"2022-07-14T13:51:37","guid":{"rendered":"https:\/\/lucasdeoliveirapsi.com.br\/?p=714"},"modified":"2022-07-14T10:51:38","modified_gmt":"2022-07-14T13:51:38","slug":"simbolos-em-equipamentos-e-apps","status":"publish","type":"post","link":"https:\/\/lucasdeoliveirapsi.com.br\/index.php\/2022\/07\/14\/simbolos-em-equipamentos-e-apps\/","title":{"rendered":"S\u00edmbolos em equipamentos e apps"},"content":{"rendered":"\n<p>A acessibilidade \u00e9 um dos temas trabalhados dentro do campo da psicologia, junto a outras \u00e1reas do conhecimento. Os s\u00edmbolos\/\u00edcones tamb\u00e9m tem sua liga\u00e7\u00e3o com esse tema, por isso \u00e9 bom ter um espa\u00e7o para falar sobre eles.<\/p>\n\n\n\n<p>Como havia dito no post &#8220;<a href=\"https:\/\/lucasdeoliveirapsi.com.br\/index.php\/2022\/05\/05\/voce-conhece-esses-simbolos\/\" target=\"_blank\" rel=\"noreferrer noopener\">voc\u00ea conhece esses s\u00edmbolos<\/a>?&#8221;, onde fal\u00e1vamos de placas ligadas ao tema da acessibilidade como as de estacionamento ou fila preferencial. Agora vamos partir pro campo dos equipamentos eletr\u00f4nicos e ambientes virtuais.<\/p>\n\n\n\n<h2 class=\"has-luminous-vivid-amber-background-color has-background wp-block-heading\">Por que eles tem import\u00e2ncia?<\/h2>\n\n\n<div class=\"wp-block-image is-style-rounded\">\n<figure class=\"alignright size-full is-resized\"><img loading=\"lazy\" decoding=\"async\" src=\"https:\/\/lucasdeoliveirapsi.com.br\/wp-content\/uploads\/2022\/07\/ic_call_128_28145.png\" alt=\"\" class=\"wp-image-754\" width=\"159\" height=\"159\"\/><\/figure>\n<\/div>\n\n\n<ul class=\"wp-block-list\" style=\"font-size:16px\"><li>  <em><strong>Eles comunicam de uma forma mais simples um informa\u00e7\u00e3o<\/strong>. Cada s\u00edmbolo ou <a href=\"https:\/\/www.google.com\/search?rlz=1C1GCEA_enBR968BR968&amp;hl=pt-BR&amp;sxsrf=ALiCzsYw4aWPyo8g5FZNkp1VzocVkrJyiQ:1657551759539&amp;q=%C3%8Dcone+(inform%C3%A1tica)&amp;si=AC1wQDDpGOot2oszezPNwprLIg5ABjqHZ3YIIcGrpvlRyk10FkEUG_tICcofR7Q4sS2d5VcZOLtY_0IkWRvI7TgVpyLgMn32yQOY8us5zdsqWZMOaO3ack4yBfpOVJKN3aVXM6mY9ksb6V89oph95nS_n04clgC9_BuWcNLFuysCDohhtsK98HI%3D&amp;sa=X&amp;ved=2ahUKEwiowcu-jfH4AhUWl5UCHW_FC_8Q6RN6BAguEAE&amp;biw=1366&amp;bih=606&amp;dpr=1\" target=\"_blank\" rel=\"noreferrer noopener\" title=\"\u00edcones\">\u00edcones<\/a> desses, representam uma informa\u00e7\u00e3o, seja indicando que ali tem um bot\u00e3o com um fun\u00e7\u00e3o espec\u00edfica, seja um link para uma p\u00e1gina de um site, e por ai vai.<\/em><\/li><li>  <em><strong>Eles ocupam menos espa\u00e7o<\/strong>. Eles s\u00e3o muito usados com o intuito de n\u00e3o ocupar muito espa\u00e7o na tela, e vemos mais eles em celulares e tablets que tendem a ter uma tela pequena em compara\u00e7\u00e3o a telas de computadores.<\/em><\/li><li> <em> <strong>E<\/strong> <strong>tornam mais acess\u00edvel.<\/strong> Para pessoas que tem dificuldade para ler, ou algum outro tipo de limita\u00e7\u00e3o seja tempor\u00e1ria, seja permanente, esses \u00edcones podem facilitar a pessoa que est\u00e1 usando, a encontrar o \u00edcone que procura.<\/em><\/li><\/ul>\n\n\n\n<p><\/p>\n\n\n\n<p>  Al\u00e9m desse motivos, existem v\u00e1rio outros, mas para n\u00e3o ficar t\u00e3o grande este texto, vamos ficar por aqui. Agora vamos mostrar alguns desses \u00edcones e alguns dos seus significados quando usados nos aplicativos, sites e equipamentos eletr\u00f4nicos.<\/p>\n\n\n\n<p>  Se voc\u00ea sente que tem dificuldade em saber onde clicar\/tocar pra conseguir encontrar o que voc\u00ea procura, talvez aqui eu possa te ajudar.<\/p>\n\n\n\n<h2 class=\"has-vivid-cyan-blue-background-color has-background wp-block-heading\">Vamos l\u00e1&#8230;<\/h2>\n\n\n\n<div class=\"wp-block-media-text alignwide is-stacked-on-mobile\" style=\"grid-template-columns:15% auto\"><figure class=\"wp-block-media-text__media\"><img loading=\"lazy\" decoding=\"async\" width=\"300\" height=\"300\" src=\"https:\/\/lucasdeoliveirapsi.com.br\/wp-content\/uploads\/2022\/07\/351961-300x300.png\" alt=\"\" class=\"wp-image-715 size-medium\" srcset=\"https:\/\/lucasdeoliveirapsi.com.br\/wp-content\/uploads\/2022\/07\/351961-300x300.png 300w, https:\/\/lucasdeoliveirapsi.com.br\/wp-content\/uploads\/2022\/07\/351961-150x150.png 150w, https:\/\/lucasdeoliveirapsi.com.br\/wp-content\/uploads\/2022\/07\/351961.png 512w\" sizes=\"auto, (max-width: 300px) 100vw, 300px\" \/><\/figure><div class=\"wp-block-media-text__content\">\n<h2 class=\"has-large-font-size wp-block-heading\">Ligar ou desligar<\/h2>\n\n\n\n<p>  Esse s\u00edmbolo \u00e9 muito usado em equipamentos el\u00e9tricos. Ele tem esse s\u00edmbolo como jun\u00e7\u00e3o dos n\u00fameros &#8220;0&#8221; (zero) e &#8220;1&#8221; (um). O &#8220;0&#8221; (zero) representa o desligado\/desligar, indicando que n\u00e3o passa energia para o equipamento e o &#8220;1&#8221; (um), representa o ligado\/ligar, indicando que tem energia circulando ali e assim o equipamento est\u00e1 ligado. <\/p>\n\n\n\n<p>Existem varia\u00e7\u00f5es desse s\u00edmbolo, onde o 1 est\u00e1 dentro do desenho do 0, mas a ideia continua sendo a mesma. <\/p>\n<\/div><\/div>\n\n\n\n<div class=\"wp-block-media-text alignwide is-stacked-on-mobile\" style=\"grid-template-columns:15% auto\"><figure class=\"wp-block-media-text__media\"><img loading=\"lazy\" decoding=\"async\" width=\"300\" height=\"300\" src=\"https:\/\/lucasdeoliveirapsi.com.br\/wp-content\/uploads\/2022\/07\/free-home-icon-2502-thumb-300x300.png\" alt=\"\" class=\"wp-image-717 size-medium\" srcset=\"https:\/\/lucasdeoliveirapsi.com.br\/wp-content\/uploads\/2022\/07\/free-home-icon-2502-thumb-300x300.png 300w, https:\/\/lucasdeoliveirapsi.com.br\/wp-content\/uploads\/2022\/07\/free-home-icon-2502-thumb-150x150.png 150w, https:\/\/lucasdeoliveirapsi.com.br\/wp-content\/uploads\/2022\/07\/free-home-icon-2502-thumb.png 512w\" sizes=\"auto, (max-width: 300px) 100vw, 300px\" \/><\/figure><div class=\"wp-block-media-text__content\">\n<h2 class=\"has-large-font-size wp-block-heading\">Home\/In\u00edcio\/p\u00e1gina inicial<\/h2>\n\n\n\n<p>  Esse s\u00edmbolo pode ser encontrado em programas, aplicativos e sites. Ele \u00e9 simplesmente o desenho estilizado de uma casa. Muito usado para indicar a p\u00e1gina inicial de um site ou a tela inicial de um aplicativo. O uso do termo &#8220;home&#8221; (traduzido do ingl\u00eas: casa) \u00e9 muito comum nesses casos.<\/p>\n\n\n\n<p>Esse s\u00edmbolo tamb\u00e9m pode ter algumas altera\u00e7\u00f5es, seja sem desenhar um chamin\u00e9 ou colocando uma porta ou janela no desenho, mas ainda tem o mesmo significado.<\/p>\n<\/div><\/div>\n\n\n\n<div class=\"wp-block-media-text alignwide is-stacked-on-mobile\" style=\"grid-template-columns:15% auto\"><figure class=\"wp-block-media-text__media\"><img loading=\"lazy\" decoding=\"async\" width=\"300\" height=\"300\" src=\"https:\/\/lucasdeoliveirapsi.com.br\/wp-content\/uploads\/2022\/07\/6364542-300x300.png\" alt=\"\" class=\"wp-image-718 size-medium\" srcset=\"https:\/\/lucasdeoliveirapsi.com.br\/wp-content\/uploads\/2022\/07\/6364542-300x300.png 300w, https:\/\/lucasdeoliveirapsi.com.br\/wp-content\/uploads\/2022\/07\/6364542-150x150.png 150w, https:\/\/lucasdeoliveirapsi.com.br\/wp-content\/uploads\/2022\/07\/6364542.png 512w\" sizes=\"auto, (max-width: 300px) 100vw, 300px\" \/><\/figure><div class=\"wp-block-media-text__content\">\n<h2 class=\"has-large-font-size wp-block-heading\">Menu<\/h2>\n\n\n\n<p>  Esse \u00e9 o s\u00edmbolo que representa o menu em sites e aplicativos. Seria a representa\u00e7\u00e3o das frases ou op\u00e7\u00f5es escritas em um papel. Antes encontr\u00e1vamos o desenho com um papel, mas depois, s\u00f3 deixaram o desenho do escrito, sem o papel.<\/p>\n<\/div><\/div>\n\n\n\n<div class=\"wp-block-media-text alignwide is-stacked-on-mobile\" style=\"grid-template-columns:15% auto\"><figure class=\"wp-block-media-text__media\"><img loading=\"lazy\" decoding=\"async\" width=\"300\" height=\"300\" src=\"https:\/\/lucasdeoliveirapsi.com.br\/wp-content\/uploads\/2022\/07\/61073-300x300.png\" alt=\"\" class=\"wp-image-724 size-medium\" srcset=\"https:\/\/lucasdeoliveirapsi.com.br\/wp-content\/uploads\/2022\/07\/61073-300x300.png 300w, https:\/\/lucasdeoliveirapsi.com.br\/wp-content\/uploads\/2022\/07\/61073-150x150.png 150w, https:\/\/lucasdeoliveirapsi.com.br\/wp-content\/uploads\/2022\/07\/61073.png 512w\" sizes=\"auto, (max-width: 300px) 100vw, 300px\" \/><\/figure><div class=\"wp-block-media-text__content\">\n<h2 class=\"has-large-font-size wp-block-heading\">Notifica\u00e7\u00e3o\/lembrete<\/h2>\n\n\n\n<p>  Esse sino estilizado indica notifica\u00e7\u00e3o ou lembre, vem da ideia de que o sino serve pra chamar a aten\u00e7\u00e3o atrav\u00e9s de um som, para alguma coisa. Assim como os s\u00edmbolos que foram apresentados aqui anteriormente, este pode tamb\u00e9m ter varia\u00e7\u00f5es no desenho, mas geralmente ligado a mesma ideia de um sino.<\/p>\n<\/div><\/div>\n\n\n\n<div class=\"wp-block-media-text alignwide is-stacked-on-mobile\" style=\"grid-template-columns:15% auto\"><figure class=\"wp-block-media-text__media\"><img loading=\"lazy\" decoding=\"async\" width=\"300\" height=\"300\" src=\"https:\/\/lucasdeoliveirapsi.com.br\/wp-content\/uploads\/2022\/07\/25695-300x300.png\" alt=\"\" class=\"wp-image-726 size-medium\" srcset=\"https:\/\/lucasdeoliveirapsi.com.br\/wp-content\/uploads\/2022\/07\/25695-300x300.png 300w, https:\/\/lucasdeoliveirapsi.com.br\/wp-content\/uploads\/2022\/07\/25695-150x150.png 150w, https:\/\/lucasdeoliveirapsi.com.br\/wp-content\/uploads\/2022\/07\/25695.png 512w\" sizes=\"auto, (max-width: 300px) 100vw, 300px\" \/><\/figure><div class=\"wp-block-media-text__content\">\n<h2 class=\"has-large-font-size wp-block-heading\">Volume do som<\/h2>\n\n\n\n<p>  Esse \u00e9 um desenho de um alto-falante, que geralmente indica a op\u00e7\u00e3o de aumentar e diminuir o volume do som ou que o som est\u00e1 habilitado (o som est\u00e1 ligado). Mas existem outros s\u00edmbolos que tamb\u00e9m podem representar esta op\u00e7\u00e3o.<\/p>\n<\/div><\/div>\n\n\n\n<div class=\"wp-block-media-text alignwide is-stacked-on-mobile\" style=\"grid-template-columns:15% auto\"><figure class=\"wp-block-media-text__media\"><img loading=\"lazy\" decoding=\"async\" width=\"300\" height=\"300\" src=\"https:\/\/lucasdeoliveirapsi.com.br\/wp-content\/uploads\/2022\/07\/88024-300x300.png\" alt=\"\" class=\"wp-image-727 size-medium\" srcset=\"https:\/\/lucasdeoliveirapsi.com.br\/wp-content\/uploads\/2022\/07\/88024-300x300.png 300w, https:\/\/lucasdeoliveirapsi.com.br\/wp-content\/uploads\/2022\/07\/88024-150x150.png 150w, https:\/\/lucasdeoliveirapsi.com.br\/wp-content\/uploads\/2022\/07\/88024.png 512w\" sizes=\"auto, (max-width: 300px) 100vw, 300px\" \/><\/figure><div class=\"wp-block-media-text__content\">\n<h2 class=\"has-large-font-size wp-block-heading\">Mudo<\/h2>\n\n\n\n<p>Na mesma ideia do desenho anterior, mas com uma barra em cima. Essa barra, que tamb\u00e9m pode ser substitu\u00edda por um &#8220;X&#8221; (que geralmente indica que aquela op\u00e7\u00e3o est\u00e1 desabilitada), representa a op\u00e7\u00e3o que tira o som.<\/p>\n<\/div><\/div>\n\n\n\n<div class=\"wp-block-media-text alignwide is-stacked-on-mobile\" style=\"grid-template-columns:17% auto\"><figure class=\"wp-block-media-text__media\"><img loading=\"lazy\" decoding=\"async\" width=\"300\" height=\"300\" src=\"https:\/\/lucasdeoliveirapsi.com.br\/wp-content\/uploads\/2022\/07\/684802-300x300.png\" alt=\"\" class=\"wp-image-753 size-medium\" srcset=\"https:\/\/lucasdeoliveirapsi.com.br\/wp-content\/uploads\/2022\/07\/684802-300x300.png 300w, https:\/\/lucasdeoliveirapsi.com.br\/wp-content\/uploads\/2022\/07\/684802-150x150.png 150w, https:\/\/lucasdeoliveirapsi.com.br\/wp-content\/uploads\/2022\/07\/684802.png 512w\" sizes=\"auto, (max-width: 300px) 100vw, 300px\" \/><\/figure><div class=\"wp-block-media-text__content\">\n<h2 class=\"has-large-font-size wp-block-heading\">Informa\u00e7\u00f5es\/detalhes<\/h2>\n\n\n\n<p>Este desenho de um bal\u00e3o com a letra &#8220;i&#8221;,  geralmente \u00e9 usado pra indicar a op\u00e7\u00e3o de informa\u00e7\u00f5es, onde ao clicar conseguimos mais informa\u00e7\u00f5es ou detalhes sobre o site, a p\u00e1gina, o aplicativo ou uma fun\u00e7\u00e3o espec\u00edfica dentre da \u00e1rea onde este s\u00edmbolo aparece.<\/p>\n\n\n\n<p>Assim como os outros, ele pode ter varia\u00e7\u00f5es como simplesmente aparecer somente a letra &#8220;i&#8221;.<\/p>\n<\/div><\/div>\n\n\n\n<p>Existem muitos outros s\u00edmbolos que s\u00e3o usados nesse meio e colocar aqui deixaria esse texto muito longo. <\/p>\n\n\n\n<h2 class=\"has-pale-pink-background-color has-background wp-block-heading\">Concluindo<\/h2>\n\n\n\n<p>Os \u00edcones\/s\u00edmbolos podem contribuir para a acessibilidade, permitindo que mais pessoas possam usar os apps, sities, equipamentos, pois podem ajudar contornar ou superar limita\u00e7\u00f5es que elas possam ter.<\/p>\n\n\n\n<p>A acessibilidade, por sua vez, contribui para a <a href=\"https:\/\/www.google.com\/search?q=equidade&amp;source=lmns&amp;bih=663&amp;biw=1366&amp;rlz=1C1GCEA_enBR968BR968&amp;hl=pt-BR&amp;sa=X&amp;ved=2ahUKEwjkzdXQwPj4AhVSBrkGHZadBrEQ_AUoAHoECAEQAA\" target=\"_blank\" rel=\"noreferrer noopener\" title=\"equidade\">equidade<\/a> entre as pessoas, abrindo possibilidades para que todos, independente de suas limita\u00e7\u00f5es, possam ter os seus direitos vividos. Valorize a acessibilidade. Um mundo de todos com acesso de todos.<\/p>\n\n\n\n<blockquote class=\"wp-block-quote is-layout-flow wp-block-quote-is-layout-flow\"><p>Confira tamb\u00e9m o artigo &#8220;<a href=\"https:\/\/lucasdeoliveirapsi.com.br\/index.php\/2022\/06\/09\/apps-leem-texto-em-voz-alta\/\">APPS LEEM TEXTO EM VOZ ALTA<\/a>&#8221; e o &#8220;<a href=\"https:\/\/lucasdeoliveirapsi.com.br\/index.php\/2022\/04\/16\/digitacao-por-fala\/\">DIGITA\u00c7\u00c3O POR FALA<\/a>&#8220;.<\/p><\/blockquote>\n\n\n<div class=\"wp-block-post-author\"><div class=\"wp-block-post-author__avatar\"><img alt='' src='https:\/\/secure.gravatar.com\/avatar\/89695c79f01fabba49ffc4a941f02dc7940051bfae34e94fbde396de492c1ad1?s=48&#038;d=mm&#038;r=g' srcset='https:\/\/secure.gravatar.com\/avatar\/89695c79f01fabba49ffc4a941f02dc7940051bfae34e94fbde396de492c1ad1?s=96&#038;d=mm&#038;r=g 2x' class='avatar avatar-48 photo' height='48' width='48' \/><\/div><div class=\"wp-block-post-author__content\"><p class=\"wp-block-post-author__byline\">Psic\u00f3logo Clinico (CRP-04\/63762), Bacharel em Psicologia no Centro Universit\u00e1rio de Vi\u00e7osa e p\u00f3s-graduando em Psicossom\u00e1tica no IJEP \u2013 Instituto Junguiano de Ensino e Pesquisa.<\/p><p class=\"wp-block-post-author__name\">Lucas<\/p><\/div><\/div>\n\n\n<figure class=\"wp-block-image alignwide size-full\"><img loading=\"lazy\" decoding=\"async\" width=\"600\" height=\"200\" src=\"https:\/\/lucasdeoliveirapsi.com.br\/wp-content\/uploads\/2022\/04\/Comparilhe.png\" alt=\"\" class=\"wp-image-129\" srcset=\"https:\/\/lucasdeoliveirapsi.com.br\/wp-content\/uploads\/2022\/04\/Comparilhe.png 600w, https:\/\/lucasdeoliveirapsi.com.br\/wp-content\/uploads\/2022\/04\/Comparilhe-300x100.png 300w\" sizes=\"auto, (max-width: 600px) 100vw, 600px\" \/><figcaption>Compartilhe, se voc\u00ea gostou do conte\u00fado. Deixe seu coment\u00e1rio se quiser sugerir tema, fazer alguma cr\u00edtica ou acrescentar algo. Muito obrigado por ter lido.<\/figcaption><\/figure>\n","protected":false},"excerpt":{"rendered":"<p>A acessibilidade \u00e9 um dos temas trabalhados dentro do campo da psicologia, junto a outras \u00e1reas do conhecimento. Os s\u00edmbolos\/\u00edcones tamb\u00e9m tem sua liga\u00e7\u00e3o com &#8230;. <\/p>\n","protected":false},"author":1,"featured_media":731,"comment_status":"open","ping_status":"open","sticky":false,"template":"","format":"standard","meta":{"om_disable_all_campaigns":false,"footnotes":""},"categories":[8],"tags":[19,80,81,13,82,83,54],"class_list":["post-714","post","type-post","status-publish","format-standard","has-post-thumbnail","hentry","category-acessibilidade-otimizacao","tag-acessibilidade","tag-icone","tag-icones","tag-psicologia","tag-simbolo","tag-simbolos","tag-virtual"],"aioseo_notices":[],"_links":{"self":[{"href":"https:\/\/lucasdeoliveirapsi.com.br\/index.php\/wp-json\/wp\/v2\/posts\/714","targetHints":{"allow":["GET"]}}],"collection":[{"href":"https:\/\/lucasdeoliveirapsi.com.br\/index.php\/wp-json\/wp\/v2\/posts"}],"about":[{"href":"https:\/\/lucasdeoliveirapsi.com.br\/index.php\/wp-json\/wp\/v2\/types\/post"}],"author":[{"embeddable":true,"href":"https:\/\/lucasdeoliveirapsi.com.br\/index.php\/wp-json\/wp\/v2\/users\/1"}],"replies":[{"embeddable":true,"href":"https:\/\/lucasdeoliveirapsi.com.br\/index.php\/wp-json\/wp\/v2\/comments?post=714"}],"version-history":[{"count":41,"href":"https:\/\/lucasdeoliveirapsi.com.br\/index.php\/wp-json\/wp\/v2\/posts\/714\/revisions"}],"predecessor-version":[{"id":775,"href":"https:\/\/lucasdeoliveirapsi.com.br\/index.php\/wp-json\/wp\/v2\/posts\/714\/revisions\/775"}],"wp:featuredmedia":[{"embeddable":true,"href":"https:\/\/lucasdeoliveirapsi.com.br\/index.php\/wp-json\/wp\/v2\/media\/731"}],"wp:attachment":[{"href":"https:\/\/lucasdeoliveirapsi.com.br\/index.php\/wp-json\/wp\/v2\/media?parent=714"}],"wp:term":[{"taxonomy":"category","embeddable":true,"href":"https:\/\/lucasdeoliveirapsi.com.br\/index.php\/wp-json\/wp\/v2\/categories?post=714"},{"taxonomy":"post_tag","embeddable":true,"href":"https:\/\/lucasdeoliveirapsi.com.br\/index.php\/wp-json\/wp\/v2\/tags?post=714"}],"curies":[{"name":"wp","href":"https:\/\/api.w.org\/{rel}","templated":true}]}}