{"id":465,"date":"2022-05-05T14:21:35","date_gmt":"2022-05-05T17:21:35","guid":{"rendered":"https:\/\/lucasdeoliveirapsi.com.br\/?p=465"},"modified":"2023-04-19T12:26:43","modified_gmt":"2023-04-19T15:26:43","slug":"voce-conhece-esses-simbolos","status":"publish","type":"post","link":"https:\/\/lucasdeoliveirapsi.com.br\/index.php\/2022\/05\/05\/voce-conhece-esses-simbolos\/","title":{"rendered":"Voc\u00ea conhece esses s\u00edmbolos?"},"content":{"rendered":"\n<h2 class=\"wp-block-heading\">Voc\u00ea sabe o que cada um deles significa?<\/h2>\n\n\n\n<p>Todos os dias podemos encontrar em v\u00e1rios lugares desenhos, \u00edcones, imagens simples em placas, aplicativos, programas de tv&#8230; Mas o que s\u00e3o eles?<\/p>\n\n\n\n<h4 class=\"wp-block-heading has-light-green-cyan-background-color has-background\">O que \u00e9 s\u00edmbolo?<\/h4>\n\n\n\n<p> S\u00edmbolo, em uma forma de explica\u00e7\u00e3o bem simples, \u00e9 uma imagem ou objeto que representa algumas informa\u00e7\u00f5es. Tipo o desenho de uma engrenagem que pode informar o lugar onde se encontra as op\u00e7\u00f5es de configura\u00e7\u00e3o de um aplicativo; ou um emoticon que pode representar uma emo\u00e7\u00e3o que a pessoa quis passar atrav\u00e9s daquele desenho espec\u00edfico. <\/p>\n\n\n<div class=\"wp-block-image is-style-default\">\n<figure class=\"alignright size-full is-resized\"><img loading=\"lazy\" decoding=\"async\" src=\"https:\/\/lucasdeoliveirapsi.com.br\/wp-content\/uploads\/2022\/04\/images-1.png\" alt=\"\" class=\"wp-image-469\" width=\"212\" height=\"202\"\/><\/figure>\n<\/div>\n\n\n<p>S\u00e3o v\u00e1rios s\u00edmbolos que existem e o mesmo s\u00edmbolo pode mudar de significado com o passar dos anos ou com o contexto onde ele se encontra. Um exemplo seria a cruz era um s\u00edmbolo que representava um tipo de condena\u00e7\u00e3o dentro da cultura Romana antes de Jesus, e depois com o crescimento do cristianismo a cruz come\u00e7ou a ter um outro sentido onde ela representava  Jesus e o cristianismo. <\/p>\n\n\n\n<p>Hoje podemos ver s\u00edmbolos espalhados por todos os lugares, desde o desenho, fotos, placas e \u00edcones de aplicativos, cada um com o seu significado. E dentre as placas encontramos s\u00edmbolos como estes ao lado.<\/p>\n\n\n\n<h4 class=\"wp-block-heading has-luminous-vivid-orange-background-color has-background\">De onde que eles vem?<\/h4>\n\n\n<div class=\"wp-block-image is-style-rounded\">\n<figure class=\"alignleft size-full is-resized\"><img loading=\"lazy\" decoding=\"async\" src=\"https:\/\/lucasdeoliveirapsi.com.br\/wp-content\/uploads\/2022\/04\/9aaebecd057b6e4231265b79399215a6.jpg\" alt=\"\" class=\"wp-image-485\" width=\"114\" height=\"114\" srcset=\"https:\/\/lucasdeoliveirapsi.com.br\/wp-content\/uploads\/2022\/04\/9aaebecd057b6e4231265b79399215a6.jpg 481w, https:\/\/lucasdeoliveirapsi.com.br\/wp-content\/uploads\/2022\/04\/9aaebecd057b6e4231265b79399215a6-300x300.jpg 300w, https:\/\/lucasdeoliveirapsi.com.br\/wp-content\/uploads\/2022\/04\/9aaebecd057b6e4231265b79399215a6-150x150.jpg 150w\" sizes=\"auto, (max-width: 114px) 100vw, 114px\" \/><\/figure>\n<\/div>\n\n\n<p>O surgimento de cada s\u00edmbolo e seus significados \u00e9 cultural. Casa povo, com seus costumes e suas cren\u00e7as, com o conjunto de informa\u00e7\u00f5es que eles possuem, foram criando representa\u00e7\u00f5es desde desenhos, gravuras at\u00e9 sinais sonoros como a batida de um tambor ou o som de um apito, e cada uma dessas representa\u00e7\u00f5es foram tomando significados espec\u00edficos em cada povo ou grupo, dentro de cada uma dessas culturas, e assim os s\u00edmbolos foram surgindo. <\/p>\n\n\n<div class=\"wp-block-image is-style-rounded\">\n<figure class=\"alignright size-full is-resized\"><img loading=\"lazy\" decoding=\"async\" src=\"https:\/\/lucasdeoliveirapsi.com.br\/wp-content\/uploads\/2022\/04\/3773.webp\" alt=\"\" class=\"wp-image-486\" width=\"160\" height=\"160\" srcset=\"https:\/\/lucasdeoliveirapsi.com.br\/wp-content\/uploads\/2022\/04\/3773.webp 1000w, https:\/\/lucasdeoliveirapsi.com.br\/wp-content\/uploads\/2022\/04\/3773-300x300.webp 300w, https:\/\/lucasdeoliveirapsi.com.br\/wp-content\/uploads\/2022\/04\/3773-150x150.webp 150w, https:\/\/lucasdeoliveirapsi.com.br\/wp-content\/uploads\/2022\/04\/3773-768x768.webp 768w\" sizes=\"auto, (max-width: 160px) 100vw, 160px\" \/><\/figure>\n<\/div>\n\n\n<p>Com a globaliza\u00e7\u00e3o, a aproxima\u00e7\u00e3o de povos, grupos e sociedades com suas culturas, entre si desde as grandes navega\u00e7\u00f5es at\u00e9 hoje no per\u00edodo das redes sociais; os s\u00edmbolos foram compartilhados, e com eles os seus significados. E por meio dos s\u00edmbolos pessoas que n\u00e3o falam a mesma l\u00edngua passaram a conseguir caminhos diferentes para se comunicar e entender a mensagem do outro, ainda que em partes. <\/p>\n\n\n\n<p>Dentre esses s\u00edmbolos encontramos a placas de tr\u00e2nsito, e outras placas que foram criadas e compartilhadas como forma de comunica\u00e7\u00e3o simplificada. E ai chegamos aos s\u00edmbolos ligados a acessibilidade.<\/p>\n\n\n\n<h4 class=\"wp-block-heading has-background\" style=\"background-color:#ff9c00\">S\u00edmbolos e acessibilidade<\/h4>\n\n\n\n<p>Esses s\u00edmbolos ligados a acessibilidade tem a fun\u00e7\u00e3o de trazer uma informa\u00e7\u00e3o sobre o lugar onde ele (o s\u00edmbolo) est\u00e1. Sobre essas informa\u00e7\u00f5es existem normas, que podem variar de acordo com o pa\u00eds onde tal s\u00edmbolo est\u00e1, que padronizam elas, logo todo lugar, naquele pa\u00eds, onde estiver aquele s\u00edmbolo, indica que aquele lugar tem aquela informa\u00e7\u00e3o. Mas que informa\u00e7\u00f5es s\u00e3o essas?<\/p>\n\n\n\n<h4 class=\"wp-block-heading has-pale-pink-background-color has-background\">Voc\u00ea sabe o significado dessas placas?<\/h4>\n\n\n\n<p>As informa\u00e7\u00f5es s\u00e3o dadas a cada s\u00edmbolo em particular, a seguir temos algumas placas com alguns s\u00edmbolo. Em cada uma dessas placas est\u00e3o as informa\u00e7\u00f5es referentes a elas, segundo a <a href=\"https:\/\/www.abnt.org.br\/institucional\/sobre\" target=\"_blank\" rel=\"noreferrer noopener\" title=\"ABNT\">ABNT<\/a> que \u00e9 o \u00f3rg\u00e3o do governo brasileiro que regula quais s\u00e3o os padr\u00f5es e as normas a serem seguidas para facilitar o entendimento dessas placas, al\u00e9m de atuar e outro \u00e2mbitos. <\/p>\n\n\n\n<h4 class=\"wp-block-heading\">Vamos para as placas?<\/h4>\n\n\n\n<div class=\"wp-block-media-text alignwide is-stacked-on-mobile\" style=\"grid-template-columns:46% auto\"><figure class=\"wp-block-media-text__media\"><img loading=\"lazy\" decoding=\"async\" width=\"500\" height=\"500\" src=\"https:\/\/lucasdeoliveirapsi.com.br\/wp-content\/uploads\/2022\/04\/pessoa_idosa_13021_1_d30b99651a70c32dfc81b66df0fb4520.webp\" alt=\"\" class=\"wp-image-467 size-full\" srcset=\"https:\/\/lucasdeoliveirapsi.com.br\/wp-content\/uploads\/2022\/04\/pessoa_idosa_13021_1_d30b99651a70c32dfc81b66df0fb4520.webp 500w, https:\/\/lucasdeoliveirapsi.com.br\/wp-content\/uploads\/2022\/04\/pessoa_idosa_13021_1_d30b99651a70c32dfc81b66df0fb4520-300x300.webp 300w, https:\/\/lucasdeoliveirapsi.com.br\/wp-content\/uploads\/2022\/04\/pessoa_idosa_13021_1_d30b99651a70c32dfc81b66df0fb4520-150x150.webp 150w\" sizes=\"auto, (max-width: 500px) 100vw, 500px\" \/><\/figure><div class=\"wp-block-media-text__content\">\n<h3 class=\"wp-block-heading\">S\u00edmbolo de Idoso&nbsp;<\/h3>\n\n\n\n<p>Embora a ABNT ainda mantenha a imagem, h\u00e1 uma discuss\u00e3o em&nbsp;<a href=\"https:\/\/www12.senado.leg.br\/noticias\/materias\/2018\/04\/25\/simbolo-para-identificacao-de-idoso-nao-pode-ser-pejorativo-preve-projeto-aprovado-na-cdh\">tramita\u00e7\u00e3o<\/a>, no sentido de adotar um s\u00edmbolo menos pejorativo para representar o idoso em placas de atendimento preferencial ou vagas de estacionamento para ve\u00edculos que conduzam ou sejam conduzidos por pessoas idosas.&nbsp;<br>Sendo indicado para pessoas acima de 60 anos de idade. (<a href=\"https:\/\/guiaderodas.com\/voce-sabe-quais-sao-os-simbolos-de-acessibilidade-e-para-que-servem\/\" target=\"_blank\" rel=\"noreferrer noopener\" title=\"GUIA DE RODAS, 2020\">GUIA DE RODAS, 2020<\/a>)<\/p>\n\n\n\n<p style=\"font-size:18px\">Pode indicar estacionamento para pessoas idosas, acento preferencial para pessoas idosas e at\u00e9 filas preferenciais onde  pessoas idosas pode ser atendidas mais rapidamente, ou muitas outras situa\u00e7\u00f5es.<\/p>\n<\/div><\/div>\n\n\n\n<div class=\"wp-block-media-text alignwide has-media-on-the-right is-stacked-on-mobile\"><div class=\"wp-block-media-text__content\">\n<h3 class=\"wp-block-heading\">S\u00edmbolo Internacional de Acesso (SIA)<\/h3>\n\n\n\n<p style=\"font-size:18px\">A indica\u00e7\u00e3o de acessibilidade das edifica\u00e7\u00f5es, do mobili\u00e1rio, dos espa\u00e7os e dos equipamentos urbanos deve ser feita por meio do s\u00edmbolo internacional de acesso. Representa, por exemplo, se h\u00e1 rampas, elevadores ou outros recursos nos locais (<a href=\"https:\/\/guiaderodas.com\/voce-sabe-quais-sao-os-simbolos-de-acessibilidade-e-para-que-servem\/\" target=\"_blank\" rel=\"noreferrer noopener\" title=\"GUIA DE RODAS, 2020\">GUIA DE RODAS, 2020<\/a>).<\/p>\n\n\n\n<p style=\"font-size:18px\">Pode indicar estacionamento para pessoas com defici\u00eancia, acento para pessoa com defici\u00eancia ou \u00e1rea para cadeirante dentro do \u00f4nibus ou ponto de \u00f4nibus, fila preferencial para pessoa com defici\u00eancia onde elas podem ser atendidas mais rapidamente, ou muitas outras situa\u00e7\u00f5es.<\/p>\n<\/div><figure class=\"wp-block-media-text__media\"><img loading=\"lazy\" decoding=\"async\" width=\"1024\" height=\"838\" src=\"https:\/\/lucasdeoliveirapsi.com.br\/wp-content\/uploads\/2022\/04\/PCD-1024x838.jpg\" alt=\"\" class=\"wp-image-466 size-full\" srcset=\"https:\/\/lucasdeoliveirapsi.com.br\/wp-content\/uploads\/2022\/04\/PCD-1024x838.jpg 1024w, https:\/\/lucasdeoliveirapsi.com.br\/wp-content\/uploads\/2022\/04\/PCD-300x246.jpg 300w, https:\/\/lucasdeoliveirapsi.com.br\/wp-content\/uploads\/2022\/04\/PCD-768x628.jpg 768w, https:\/\/lucasdeoliveirapsi.com.br\/wp-content\/uploads\/2022\/04\/PCD.jpg 1200w\" sizes=\"auto, (max-width: 1024px) 100vw, 1024px\" \/><\/figure><\/div>\n\n\n\n<div class=\"wp-block-media-text alignwide is-stacked-on-mobile\" style=\"grid-template-columns:42% auto\"><figure class=\"wp-block-media-text__media\"><img loading=\"lazy\" decoding=\"async\" width=\"309\" height=\"221\" src=\"https:\/\/lucasdeoliveirapsi.com.br\/wp-content\/uploads\/2022\/04\/Simbolo-do-autismo-horizontal.png\" alt=\"\" class=\"wp-image-477 size-full\" srcset=\"https:\/\/lucasdeoliveirapsi.com.br\/wp-content\/uploads\/2022\/04\/Simbolo-do-autismo-horizontal.png 309w, https:\/\/lucasdeoliveirapsi.com.br\/wp-content\/uploads\/2022\/04\/Simbolo-do-autismo-horizontal-300x215.png 300w\" sizes=\"auto, (max-width: 309px) 100vw, 309px\" \/><\/figure><div class=\"wp-block-media-text__content\">\n<h3 class=\"wp-block-heading\">S\u00edmbolo do Transtorno do Espectro Autista (TEA)<\/h3>\n\n\n\n<p>A Sociedade Autista da Am\u00e9rica, criou a fita com a pe\u00e7a de um quebra-cabe\u00e7a como s\u00edmbolo da consci\u00eancia do autismo. Afirmam que \u201cO padr\u00e3o da pe\u00e7a do quebra-cabe\u00e7a reflete a complexidade do espectro do autismo. As diferentes cores e formas representam a diversidade das pessoas e fam\u00edlias que vivem com a doen\u00e7a.\u201d<br>Este s\u00edmbolo \u00e9 usado mundialmente, principalmente, para sinalizar o atendimento priorit\u00e1rio aos autistas (<a href=\"https:\/\/guiaderodas.com\/voce-sabe-quais-sao-os-simbolos-de-acessibilidade-e-para-que-servem\/\" target=\"_blank\" rel=\"noreferrer noopener\" title=\"GUIA DE RODAS, 2020\">GUIA DE RODAS, 2020<\/a>).<\/p>\n\n\n\n<p>Pode ser usado pra sinalizar fila preferencial para pessoas com TEA, onde elas podem ser atendidas de forma mais r\u00e1pida ou acento preferencial para pessoas com TEA, ou muitas outras situa\u00e7\u00f5es.<\/p>\n<\/div><\/div>\n\n\n\n<div class=\"wp-block-media-text alignwide is-stacked-on-mobile\" style=\"grid-template-columns:42% auto\"><figure class=\"wp-block-media-text__media\"><img loading=\"lazy\" decoding=\"async\" width=\"500\" height=\"500\" src=\"https:\/\/lucasdeoliveirapsi.com.br\/wp-content\/uploads\/2022\/04\/gestante_13023_1_d89c97b7bbcbbaa70b0de3b9147909c9.webp\" alt=\"\" class=\"wp-image-478 size-full\" srcset=\"https:\/\/lucasdeoliveirapsi.com.br\/wp-content\/uploads\/2022\/04\/gestante_13023_1_d89c97b7bbcbbaa70b0de3b9147909c9.webp 500w, https:\/\/lucasdeoliveirapsi.com.br\/wp-content\/uploads\/2022\/04\/gestante_13023_1_d89c97b7bbcbbaa70b0de3b9147909c9-300x300.webp 300w, https:\/\/lucasdeoliveirapsi.com.br\/wp-content\/uploads\/2022\/04\/gestante_13023_1_d89c97b7bbcbbaa70b0de3b9147909c9-150x150.webp 150w\" sizes=\"auto, (max-width: 500px) 100vw, 500px\" \/><\/figure><div class=\"wp-block-media-text__content\">\n<h3 class=\"wp-block-heading\">S\u00edmbolo de Gr\u00e1vida<\/h3>\n\n\n\n<p>S\u00edmbolo internacionalmente utilizado para indicar que o ambiente oferece servi\u00e7os e produtos para gestantes. Geralmente, visto em guich\u00eas para atendimento priorit\u00e1rio em lojas e mercados (<a href=\"https:\/\/guiaderodas.com\/voce-sabe-quais-sao-os-simbolos-de-acessibilidade-e-para-que-servem\/\" target=\"_blank\" rel=\"noreferrer noopener\" title=\"GUIA DE RODAS, 2020\">GUIA DE RODAS, 2020<\/a>).<\/p>\n\n\n\n<p>Pode indicar acento preferencial para gestantes ou fila preferencial onde elas podem ser atendidas mais rapidamente, ou muitas outras situa\u00e7\u00f5es.<\/p>\n<\/div><\/div>\n\n\n\n<div class=\"wp-block-media-text alignwide has-media-on-the-right is-stacked-on-mobile\" style=\"grid-template-columns:auto 43%\"><div class=\"wp-block-media-text__content\">\n<h3 class=\"wp-block-heading\">S\u00edmbolo de Pessoa com crian\u00e7a de colo<\/h3>\n\n\n\n<p>Indicado para pessoas com crian\u00e7as de colo e que devem ter o atendimento preferencial em estabelecimentos (<a href=\"https:\/\/guiaderodas.com\/voce-sabe-quais-sao-os-simbolos-de-acessibilidade-e-para-que-servem\/\" target=\"_blank\" rel=\"noreferrer noopener\" title=\"GUIA DE RODAS, 2020\">GUIA DE RODAS, 2020<\/a>).<\/p>\n\n\n\n<p>Pode indicar acento preferencial para pessoas com crian\u00e7as de colo, ou filas preferenciais onde elas podem ser atendidas mais rapidamente, ou muitas outras situa\u00e7\u00f5es.<\/p>\n<\/div><figure class=\"wp-block-media-text__media\"><img loading=\"lazy\" decoding=\"async\" width=\"500\" height=\"500\" src=\"https:\/\/lucasdeoliveirapsi.com.br\/wp-content\/uploads\/2022\/04\/pessoa_com_crianca_de_colo_13025_1_66cff47d640d24b2e816ccd9b350dfa0.webp\" alt=\"\" class=\"wp-image-479 size-full\" srcset=\"https:\/\/lucasdeoliveirapsi.com.br\/wp-content\/uploads\/2022\/04\/pessoa_com_crianca_de_colo_13025_1_66cff47d640d24b2e816ccd9b350dfa0.webp 500w, https:\/\/lucasdeoliveirapsi.com.br\/wp-content\/uploads\/2022\/04\/pessoa_com_crianca_de_colo_13025_1_66cff47d640d24b2e816ccd9b350dfa0-300x300.webp 300w, https:\/\/lucasdeoliveirapsi.com.br\/wp-content\/uploads\/2022\/04\/pessoa_com_crianca_de_colo_13025_1_66cff47d640d24b2e816ccd9b350dfa0-150x150.webp 150w\" sizes=\"auto, (max-width: 500px) 100vw, 500px\" \/><\/figure><\/div>\n\n\n\n<div class=\"wp-block-media-text alignwide is-stacked-on-mobile\"><figure class=\"wp-block-media-text__media\"><img loading=\"lazy\" decoding=\"async\" width=\"500\" height=\"500\" src=\"https:\/\/lucasdeoliveirapsi.com.br\/wp-content\/uploads\/2022\/04\/pessoa_obesa_13019_1_6c608446b48c6ee6af61df32e3d90d05.webp\" alt=\"\" class=\"wp-image-490 size-full\" srcset=\"https:\/\/lucasdeoliveirapsi.com.br\/wp-content\/uploads\/2022\/04\/pessoa_obesa_13019_1_6c608446b48c6ee6af61df32e3d90d05.webp 500w, https:\/\/lucasdeoliveirapsi.com.br\/wp-content\/uploads\/2022\/04\/pessoa_obesa_13019_1_6c608446b48c6ee6af61df32e3d90d05-300x300.webp 300w, https:\/\/lucasdeoliveirapsi.com.br\/wp-content\/uploads\/2022\/04\/pessoa_obesa_13019_1_6c608446b48c6ee6af61df32e3d90d05-150x150.webp 150w\" sizes=\"auto, (max-width: 500px) 100vw, 500px\" \/><\/figure><div class=\"wp-block-media-text__content\">\n<h3 class=\"wp-block-heading\">S\u00edmbolo de Pessoas Obesa<\/h3>\n\n\n\n<p>Os assentos para pessoas com obesidade deve possuir largura m\u00ednima de 0,75 m, com capacidade para suportar at\u00e9 250 kg. Este s\u00edmbolo indica a presen\u00e7a de recursos acess\u00edveis, como o assento adequado (<a href=\"https:\/\/guiaderodas.com\/voce-sabe-quais-sao-os-simbolos-de-acessibilidade-e-para-que-servem\/\" target=\"_blank\" rel=\"noreferrer noopener\" title=\"GUIA DE RODAS, 2020\">GUIA DE RODAS, 2020<\/a>).<\/p>\n\n\n\n<p>Pode indicar acento preferencial para pessoas com obesidade, outras situa\u00e7\u00f5es.<\/p>\n<\/div><\/div>\n\n\n\n<h4 class=\"wp-block-heading has-pale-cyan-blue-background-color has-background\">E n\u00e3o para por aqui<\/h4>\n\n\n\n<p>Existem mutas outras placas e s\u00edmbolos ligados a acessibilidade e que n\u00e3o est\u00e3o aqui, por isso recomendo o post do Guida de rodas sobre este tema:<\/p>\n\n\n\n<p><a href=\"https:\/\/guiaderodas.com\/voce-sabe-quais-sao-os-simbolos-de-acessibilidade-e-para-que-servem\/\">https:\/\/guiaderodas.com\/voce-sabe-quais-sao-os-simbolos-de-acessibilidade-e-para-que-servem\/<\/a><\/p>\n\n\n\n<blockquote class=\"wp-block-quote is-layout-flow wp-block-quote-is-layout-flow\">\n<p><a href=\"https:\/\/lucasdeoliveirapsi.com.br\/index.php\/2022\/04\/13\/mudar-a-velocidade-de-um-video\/\" target=\"_blank\" rel=\"noreferrer noopener\" title=\"Temos tamb\u00e9m mais v\u00e1rios posts sobre acessibilidade, um \u00e9 o sobre como desacelerar ou acelerar a reprodu\u00e7\u00e3o de um v\u00eddeo no youtube.\">Temos tamb\u00e9m mais v\u00e1rios posts sobre acessibilidade, um \u00e9 o sobre como desacelerar ou acelerar a reprodu\u00e7\u00e3o de um v\u00eddeo no youtube.<\/a><\/p>\n<\/blockquote>\n\n\n<div class=\"wp-block-image is-style-default\">\n<figure class=\"aligncenter size-full is-resized\"><img loading=\"lazy\" decoding=\"async\" src=\"https:\/\/lucasdeoliveirapsi.com.br\/wp-content\/uploads\/2022\/04\/Comparilhe.png\" alt=\"\" class=\"wp-image-129\" width=\"755\" height=\"252\" srcset=\"https:\/\/lucasdeoliveirapsi.com.br\/wp-content\/uploads\/2022\/04\/Comparilhe.png 600w, https:\/\/lucasdeoliveirapsi.com.br\/wp-content\/uploads\/2022\/04\/Comparilhe-300x100.png 300w\" sizes=\"auto, (max-width: 755px) 100vw, 755px\" \/><\/figure>\n<\/div>","protected":false},"excerpt":{"rendered":"<p>Voc\u00ea sabe o que cada um deles significa? Todos os dias podemos encontrar em v\u00e1rios lugares desenhos, \u00edcones, imagens simples em placas, aplicativos, programas de &#8230;. <\/p>\n","protected":false},"author":1,"featured_media":1236,"comment_status":"open","ping_status":"open","sticky":false,"template":"","format":"standard","meta":{"om_disable_all_campaigns":false,"footnotes":""},"categories":[8],"tags":[19,56,13],"class_list":["post-465","post","type-post","status-publish","format-standard","has-post-thumbnail","hentry","category-acessibilidade-otimizacao","tag-acessibilidade","tag-desenvolvimento","tag-psicologia"],"aioseo_notices":[],"_links":{"self":[{"href":"https:\/\/lucasdeoliveirapsi.com.br\/index.php\/wp-json\/wp\/v2\/posts\/465","targetHints":{"allow":["GET"]}}],"collection":[{"href":"https:\/\/lucasdeoliveirapsi.com.br\/index.php\/wp-json\/wp\/v2\/posts"}],"about":[{"href":"https:\/\/lucasdeoliveirapsi.com.br\/index.php\/wp-json\/wp\/v2\/types\/post"}],"author":[{"embeddable":true,"href":"https:\/\/lucasdeoliveirapsi.com.br\/index.php\/wp-json\/wp\/v2\/users\/1"}],"replies":[{"embeddable":true,"href":"https:\/\/lucasdeoliveirapsi.com.br\/index.php\/wp-json\/wp\/v2\/comments?post=465"}],"version-history":[{"count":16,"href":"https:\/\/lucasdeoliveirapsi.com.br\/index.php\/wp-json\/wp\/v2\/posts\/465\/revisions"}],"predecessor-version":[{"id":1237,"href":"https:\/\/lucasdeoliveirapsi.com.br\/index.php\/wp-json\/wp\/v2\/posts\/465\/revisions\/1237"}],"wp:featuredmedia":[{"embeddable":true,"href":"https:\/\/lucasdeoliveirapsi.com.br\/index.php\/wp-json\/wp\/v2\/media\/1236"}],"wp:attachment":[{"href":"https:\/\/lucasdeoliveirapsi.com.br\/index.php\/wp-json\/wp\/v2\/media?parent=465"}],"wp:term":[{"taxonomy":"category","embeddable":true,"href":"https:\/\/lucasdeoliveirapsi.com.br\/index.php\/wp-json\/wp\/v2\/categories?post=465"},{"taxonomy":"post_tag","embeddable":true,"href":"https:\/\/lucasdeoliveirapsi.com.br\/index.php\/wp-json\/wp\/v2\/tags?post=465"}],"curies":[{"name":"wp","href":"https:\/\/api.w.org\/{rel}","templated":true}]}}