{"id":314,"date":"2022-04-14T12:21:03","date_gmt":"2022-04-14T15:21:03","guid":{"rendered":"https:\/\/lucasdeoliveirapsi.com.br\/?p=314"},"modified":"2022-04-28T16:49:19","modified_gmt":"2022-04-28T19:49:19","slug":"saude","status":"publish","type":"post","link":"https:\/\/lucasdeoliveirapsi.com.br\/index.php\/2022\/04\/14\/saude\/","title":{"rendered":"Vamos fala de Sa\u00fade?"},"content":{"rendered":"\n<h4 class=\"has-background wp-block-heading\" style=\"background-color:#9ae700\">O que \u00e9 sa\u00fade?<\/h4>\n\n\n\n<p>\u00c9 uma palavra que tem liga\u00e7\u00e3o com muita coisa, usada em muitas situa\u00e7\u00f5es diferentes desde &#8220;sa\u00fade do corpo&#8221; at\u00e9 &#8220;sa\u00fade do seu computador&#8221;; mas afinal de contas o que \u00e9 sa\u00fade?<\/p>\n\n\n\n<p>Segundo o&nbsp;<a href=\"https:\/\/www.google.com\/search?q=o+que+%C3%A9+sa%C3%BAde&amp;rlz=1C1GCEA_enBR968BR968&amp;oq=o+que+%C3%A9+sa%C3%BAde&amp;aqs=chrome..69i57j0i512l9.3056j0j4&amp;sourceid=chrome&amp;ie=UTF-8\" target=\"_blank\" rel=\"noreferrer noopener\">Oxford Languages<\/a>,&nbsp;2021:<\/p>\n\n\n\n<blockquote class=\"wp-block-quote is-layout-flow wp-block-quote-is-layout-flow\"><p><strong>sa\u00fade<\/strong><\/p><p><em>substantivo feminino<\/em><\/p><p>1.estado de equil\u00edbrio din\u00e2mico entre o organismo e seu ambiente, o qual mant\u00e9m as caracter\u00edsticas estruturais e funcionais do organismo dentro dos limites normais para sua forma de vida e para a sua fase do ciclo vital.<\/p><p>2.estado de boa disposi\u00e7\u00e3o f\u00edsica e ps\u00edquica; bem-estar.&#8221;apresenta \u00f3tima s.&#8221;<\/p><\/blockquote>\n\n\n\n<div class=\"wp-block-image\"><figure class=\"alignleft size-full is-resized\"><img loading=\"lazy\" decoding=\"async\" src=\"https:\/\/lucasdeoliveirapsi.com.br\/wp-content\/uploads\/2022\/04\/images.png\" alt=\"\" class=\"wp-image-315\" width=\"161\" height=\"268\"\/><figcaption>publicdomainvector.org<\/figcaption><\/figure><\/div>\n\n\n\n<p>Partindo dessa defini\u00e7\u00e3o, sa\u00fade seria o estado de equil\u00edbrio entre o &#8220;corpo&#8221; e a meio onde ele est\u00e1, com tudo funcionando dentro da normalidade pra vida e pro momento da vida que ele est\u00e1, gerando uma boa disposi\u00e7\u00e3o do corpo (f\u00edsica) e<br>ps\u00edquica (mental) promovendo bem-estar.<\/p>\n\n\n\n<p>&nbsp;J\u00e1 a OMS (Organiza\u00e7\u00e3o Mundial de Sa\u00fade), apresentou em 1946 sa\u00fade como &#8220;um estado de completo bem-estar f\u00edsico, mental e social, e n\u00e3o apenas como a aus\u00eancia de doen\u00e7a ou enfermidade&#8221;&nbsp;(<a href=\"https:\/\/saudebrasil.saude.gov.br\/eu-quero-me-exercitar-mais\/o-que-significa-ter-saude\" target=\"_blank\" rel=\"noreferrer noopener\">Portal Sa\u00fade Brasil, 2020<\/a>).<\/p>\n\n\n\n<p>Juntando, a sa\u00fade \u00e9 o estado de equil\u00edbrio entre o &#8220;corpo&#8221; e o meio,&nbsp; com o organismo funcionando dentro da normalidade, gerando bem-estar f\u00edsico, mental e social, indo al\u00e9m do que o n\u00e3o ter doen\u00e7a ou enfermidade.&nbsp;Existem outras defini\u00e7\u00f5es pra sa\u00fade al\u00e9m dessas. Mas vamos ficar por aqui e partir pra sa\u00fade mental.<\/p>\n\n\n\n<div class=\"wp-block-image\"><figure class=\"alignright size-large is-resized\"><img loading=\"lazy\" decoding=\"async\" src=\"https:\/\/lucasdeoliveirapsi.com.br\/wp-content\/uploads\/2022\/04\/heartbeato-871x1024.png\" alt=\"\" class=\"wp-image-316\" width=\"208\" height=\"244\" srcset=\"https:\/\/lucasdeoliveirapsi.com.br\/wp-content\/uploads\/2022\/04\/heartbeato-871x1024.png 871w, https:\/\/lucasdeoliveirapsi.com.br\/wp-content\/uploads\/2022\/04\/heartbeato-255x300.png 255w, https:\/\/lucasdeoliveirapsi.com.br\/wp-content\/uploads\/2022\/04\/heartbeato-768x903.png 768w, https:\/\/lucasdeoliveirapsi.com.br\/wp-content\/uploads\/2022\/04\/heartbeato-1307x1536.png 1307w, https:\/\/lucasdeoliveirapsi.com.br\/wp-content\/uploads\/2022\/04\/heartbeato.png 1563w\" sizes=\"auto, (max-width: 208px) 100vw, 208px\" \/><figcaption>publicdomainvectors.org<\/figcaption><\/figure><\/div>\n\n\n\n<p>Quando se fala em sa\u00fade mental, de uma forma bem simples, \u00e9 tratado o bem-estar mental da pessoa, quando ela &#8220;\u00e9 capaz de usar suas pr\u00f3prias habilidades, recuperar-se do estresse rotineiro, ser produtivo e contribuir com a sua comunidade&#8221; (<a href=\"https:\/\/pensesus.fiocruz.br\/saude-mental\" target=\"_blank\" rel=\"noreferrer noopener\">Portal PenseSUS<\/a>).<\/p>\n\n\n\n<p> Ela pode esta ligada a diversos \u00e2mbitos da vida como por exemplo no trabalho: trabalhar em um ambiente bem estressor ao ponto de acabar tendo crises de desmaio no trabalho \u00e9 um sinal de que o trabalho pode estar afetando a sa\u00fade mental.<\/p>\n\n\n\n<h4 class=\"has-light-green-cyan-background-color has-background wp-block-heading\">Mas t\u00e1, e como saber se a minha sa\u00fade est\u00e1 sendo afetada?<\/h4>\n\n\n\n<ul class=\"wp-block-list\"><li>&nbsp;Observe se seu corpo est\u00e1 bem, sem sentir nada de ruim. Tipo: n\u00e3o t\u00e1 sentido enjoo&nbsp;o tempo todo, sem sentir fraqueza com frequ\u00eancia, sem sentir dores de cabe\u00e7a com frequ\u00eancia, sem sentir dores no corpo, dificuldade para enxergar e muitas outras situa\u00e7\u00f5es.<\/li><\/ul>\n\n\n\n<div class=\"wp-block-image\"><figure class=\"alignleft size-full\"><img loading=\"lazy\" decoding=\"async\" width=\"167\" height=\"167\" src=\"https:\/\/lucasdeoliveirapsi.com.br\/wp-content\/uploads\/2022\/04\/Metacognition.png\" alt=\"\" class=\"wp-image-317\" srcset=\"https:\/\/lucasdeoliveirapsi.com.br\/wp-content\/uploads\/2022\/04\/Metacognition.png 167w, https:\/\/lucasdeoliveirapsi.com.br\/wp-content\/uploads\/2022\/04\/Metacognition-150x150.png 150w\" sizes=\"auto, (max-width: 167px) 100vw, 167px\" \/><figcaption>publicdomainvectors.org<\/figcaption><\/figure><\/div>\n\n\n\n<ul class=\"wp-block-list\"><li>Observe se voc\u00ea tem tido comportamentos que tem prejudicado a sua vida ou at\u00e9 impedido de viver normalmente. Tipo: Sentir falta de \u00e2nimo pra fazer as atividades que voc\u00ea fazia antes, vontade de ficar na cama o dia todo por falta de \u00e2nimo, falta de vontade de comer, falta de autoestima, sentir muito medo ao ponto de n\u00e3o querer sair de casa e muitas outras dificuldades ou problemas.<\/li><\/ul>\n\n\n\n<ul class=\"wp-block-list\"><li>Observe se sempre em uma determinada situa\u00e7\u00e3o voc\u00ea se sente mal. Tipo quando voc\u00ea esta perto de uma determinada pessoa passa mal, quando t\u00e1 no trabalho ou na escola se sente mal e muitas outras dificuldades ou problemas.<\/li><\/ul>\n\n\n\n<div class=\"wp-block-image\"><figure class=\"alignright size-full\"><img loading=\"lazy\" decoding=\"async\" width=\"159\" height=\"159\" src=\"https:\/\/lucasdeoliveirapsi.com.br\/wp-content\/uploads\/2022\/04\/heartburn-publicdomainvectors.org_.png\" alt=\"\" class=\"wp-image-318\" srcset=\"https:\/\/lucasdeoliveirapsi.com.br\/wp-content\/uploads\/2022\/04\/heartburn-publicdomainvectors.org_.png 159w, https:\/\/lucasdeoliveirapsi.com.br\/wp-content\/uploads\/2022\/04\/heartburn-publicdomainvectors.org_-150x150.png 150w\" sizes=\"auto, (max-width: 159px) 100vw, 159px\" \/><figcaption>publicdomainvectors.org<\/figcaption><\/figure><\/div>\n\n\n\n<p>&nbsp;S\u00e3o muitos os sinais de que algo n\u00e3o est\u00e1 bem com a gente e eles podem at\u00e9 aparecer sem que a gente perceba porque a gente pode ter se acostumado ou at\u00e9 achar que \u00e9 normal.<\/p>\n\n\n\n<p> Nem tudo \u00e9 adoecimento, mas se aparece algum sinal e se ele persiste j\u00e1 \u00e9 um alerta de que precisamos fazer alguma coisa. Por isso procure algum profissional da \u00e1rea da sa\u00fade como m\u00e9dico ou psic\u00f3logo pra investigar o que est\u00e1 acontecendo.<\/p>\n\n\n\n<p>Cuidar da sa\u00fade \u00e9 muito importante, pois quando ela \u00e9 afetada n\u00e3o \u00e9 s\u00f3 uma pessoa que pode n\u00e3o estar bem, mas tamb\u00e9m outras pessoas em volta dela, como parentes e amigos. CUIDE-SE.<\/p>\n\n\n\n<blockquote class=\"wp-block-quote is-layout-flow wp-block-quote-is-layout-flow\"><p><a href=\"https:\/\/lucasdeoliveirapsi.com.br\/index.php\/2022\/04\/13\/lhe-dar-com-a-perda-de-alguem\/\" target=\"_blank\" rel=\"noreferrer noopener\" title=\"Confira tamb\u00e9m o post sobre como Lhe dar com a perda de algu\u00e9m. Mais um t\u00f3pico de sa\u00fade mental.\">Confira tamb\u00e9m o post sobre como Lhe dar com a perda de algu\u00e9m. Mais um t\u00f3pico de sa\u00fade mental.<\/a><\/p><\/blockquote>\n\n\n\n<blockquote class=\"wp-block-quote is-layout-flow wp-block-quote-is-layout-flow\"><p><a href=\"https:\/\/lucasdeoliveirapsi.com.br\/index.php\/2022\/04\/12\/decepcao-com-pessoas\/\" target=\"_blank\" rel=\"noreferrer noopener\">E confira tamb\u00e9m o post sobre Decepcionar com pessoas, ele tamb\u00e9m tem rela\u00e7\u00e3o a sa\u00fade mental.<\/a><\/p><\/blockquote>\n\n\n\n<h4 class=\"has-pale-cyan-blue-background-color has-background wp-block-heading\">Refer\u00eancias:<\/h4>\n\n\n\n<p>Sa\u00fade. Oxford Languages, 2021. Dispon\u00edvel em: &lt;<a href=\"http:\/\/encurtador.com.br\/koIN5\">encurtador.com.br\/koIN5<\/a>&gt;. Acesso em 06 de out. de 2021.<\/p>\n\n\n\n<p><br>Portal Sa\u00fade Brasil. O que significa ter sa\u00fade?. Minist\u00e9rio da Sa\u00fade. Brasil, 2020. Dispon\u00edvel em: &lt;<a href=\"https:\/\/saudebrasil.saude.gov.br\/eu-quero-me-exercitar-mais\/o-que-significa-ter-saude\">https:\/\/saudebrasil.saude.gov.br\/eu-quero-me-exercitar-mais\/o-que-significa-ter-saude<\/a>&gt;. Acesso em: 06 de out. de 2021.<\/p>\n\n\n\n<p><br>Portal PenseSus. Sa\u00fade mental. FIOCRUZ. Funda\u00e7\u00e3o Oswaldo Cruz. Dispon\u00edvel em: &lt;<a href=\"https:\/\/pensesus.fiocruz.br\/saude-mental\">https:\/\/pensesus.fiocruz.br\/saude-mental<\/a>&gt;. Acesso em: 06 de out. de 2021.<\/p>\n","protected":false},"excerpt":{"rendered":"<p>O que \u00e9 sa\u00fade? \u00c9 uma palavra que tem liga\u00e7\u00e3o com muita coisa, usada em muitas situa\u00e7\u00f5es diferentes desde &#8220;sa\u00fade do corpo&#8221; at\u00e9 &#8220;sa\u00fade do &#8230;. <\/p>\n","protected":false},"author":1,"featured_media":323,"comment_status":"open","ping_status":"open","sticky":false,"template":"","format":"standard","meta":{"om_disable_all_campaigns":false,"footnotes":""},"categories":[7],"tags":[13,14,10,9],"class_list":["post-314","post","type-post","status-publish","format-standard","has-post-thumbnail","hentry","category-saude-mental","tag-psicologia","tag-psicoterapia","tag-saude","tag-saude-mental"],"aioseo_notices":[],"_links":{"self":[{"href":"https:\/\/lucasdeoliveirapsi.com.br\/index.php\/wp-json\/wp\/v2\/posts\/314","targetHints":{"allow":["GET"]}}],"collection":[{"href":"https:\/\/lucasdeoliveirapsi.com.br\/index.php\/wp-json\/wp\/v2\/posts"}],"about":[{"href":"https:\/\/lucasdeoliveirapsi.com.br\/index.php\/wp-json\/wp\/v2\/types\/post"}],"author":[{"embeddable":true,"href":"https:\/\/lucasdeoliveirapsi.com.br\/index.php\/wp-json\/wp\/v2\/users\/1"}],"replies":[{"embeddable":true,"href":"https:\/\/lucasdeoliveirapsi.com.br\/index.php\/wp-json\/wp\/v2\/comments?post=314"}],"version-history":[{"count":6,"href":"https:\/\/lucasdeoliveirapsi.com.br\/index.php\/wp-json\/wp\/v2\/posts\/314\/revisions"}],"predecessor-version":[{"id":494,"href":"https:\/\/lucasdeoliveirapsi.com.br\/index.php\/wp-json\/wp\/v2\/posts\/314\/revisions\/494"}],"wp:featuredmedia":[{"embeddable":true,"href":"https:\/\/lucasdeoliveirapsi.com.br\/index.php\/wp-json\/wp\/v2\/media\/323"}],"wp:attachment":[{"href":"https:\/\/lucasdeoliveirapsi.com.br\/index.php\/wp-json\/wp\/v2\/media?parent=314"}],"wp:term":[{"taxonomy":"category","embeddable":true,"href":"https:\/\/lucasdeoliveirapsi.com.br\/index.php\/wp-json\/wp\/v2\/categories?post=314"},{"taxonomy":"post_tag","embeddable":true,"href":"https:\/\/lucasdeoliveirapsi.com.br\/index.php\/wp-json\/wp\/v2\/tags?post=314"}],"curies":[{"name":"wp","href":"https:\/\/api.w.org\/{rel}","templated":true}]}}