{"id":188,"date":"2022-04-13T12:52:12","date_gmt":"2022-04-13T15:52:12","guid":{"rendered":"https:\/\/lucasdeoliveirapsi.com.br\/?p=188"},"modified":"2022-10-06T11:37:52","modified_gmt":"2022-10-06T14:37:52","slug":"lhe-dar-com-a-perda-de-alguem","status":"publish","type":"post","link":"https:\/\/lucasdeoliveirapsi.com.br\/index.php\/2022\/04\/13\/lhe-dar-com-a-perda-de-alguem\/","title":{"rendered":"Lhe dar com a perda de algu\u00e9m"},"content":{"rendered":"\n<h1 class=\"wp-block-heading\"><a href=\"https:\/\/www.blogger.com\/blog\/post\/edit\/9074918796586167093\/8156915376900369470?hl=pt-BR#\"><\/a>Lhe dar com a perda de algu\u00e9m<\/h1>\n\n\n\n<p>&nbsp;Perder uma pessoa d\u00f3i n\u00e9? Principalmente se ela \u00e9 bem pr\u00f3xima. \u00c9 uma dor dif\u00edcil de lhe dar.&nbsp;&nbsp;Parece que se perde o ch\u00e3o.&nbsp;&nbsp;Muitos v\u00e3o dizer que n\u00e3o se deve chorar, mas isso \u00e9 um engano.&nbsp;<\/p>\n\n\n\n<p class=\"has-cyan-bluish-gray-background-color has-background\"><strong>&nbsp;O processo que se vive depois de perder algu\u00e9m ou algo \u00e9 chamado de luto&#8230; <\/strong><\/p>\n\n\n<div class=\"wp-block-image is-style-rounded\">\n<figure class=\"alignleft size-full is-resized\"><img loading=\"lazy\" decoding=\"async\" src=\"https:\/\/lucasdeoliveirapsi.com.br\/wp-content\/uploads\/2022\/04\/foto-para-perfil-luto.png\" alt=\"\" class=\"wp-image-190\" width=\"170\" height=\"170\" srcset=\"https:\/\/lucasdeoliveirapsi.com.br\/wp-content\/uploads\/2022\/04\/foto-para-perfil-luto.png 800w, https:\/\/lucasdeoliveirapsi.com.br\/wp-content\/uploads\/2022\/04\/foto-para-perfil-luto-300x300.png 300w, https:\/\/lucasdeoliveirapsi.com.br\/wp-content\/uploads\/2022\/04\/foto-para-perfil-luto-150x150.png 150w, https:\/\/lucasdeoliveirapsi.com.br\/wp-content\/uploads\/2022\/04\/foto-para-perfil-luto-768x768.png 768w\" sizes=\"auto, (max-width: 170px) 100vw, 170px\" \/><\/figure>\n<\/div>\n\n\n<p>&#8230;E se permitir chorar quando d\u00e1 vontade \u00e9 uma forma da gente colocar pra fora o que t\u00e1 acontecendo dentro da gente, e esse choro faz bem. Tem a hora de chorar e o choro deve ser respeitado.&nbsp;<\/p>\n\n\n\n<p>&nbsp;Pode at\u00e9 parecer sinal de fraqueza chorar, mas ele ajuda a colocar pra fora o que se sente por dento.<\/p>\n\n\n\n<p>&nbsp;Partilhar com algu\u00e9m sobre o que est\u00e1 sentindo tamb\u00e9m ajuda a conseguir passar por isso. O apoio de um profissional da psicologia nessa situa\u00e7\u00e3o pode ajudar muito.<\/p>\n\n\n\n<p class=\"has-background\" style=\"background-color:#f2d946\"><strong>Precisar de ajuda n\u00e3o \u00e9 sinal de fraqueza, e pedir ajuda \u00e9 ter coragem de reconhecer a necessidade e falar.<\/strong><\/p>\n\n\n<div class=\"wp-block-image is-style-rounded\">\n<figure class=\"alignright is-resized\"><a href=\"https:\/\/www.blogger.com\/blog\/post\/edit\/9074918796586167093\/8156915376900369470?hl=pt-BR#\"><img loading=\"lazy\" decoding=\"async\" src=\"https:\/\/1.bp.blogspot.com\/-n2TglX4wQ7I\/YVMstZ7RtHI\/AAAAAAAAASs\/1nGKKZf-gXsaZSKBsh_Hqu7uzWPmQG0BQCLcBGAsYHQ\/w202-h157\/Du5upcGWsAAPI0z.jpg\" alt=\"\" width=\"243\" height=\"187\"\/><\/a><\/figure>\n<\/div>\n\n\n<p>&nbsp;Esquecer quem se ama \u00e9 imposs\u00edvel, e n\u00e3o \u00e9 preciso esquecer a pessoa pra superar esse tempo de dor, mas guard\u00e1-la e seguir a diante. Seguir a diante \u00e9 dif\u00edcil, mas n\u00e3o imposs\u00edvel.&nbsp;<\/p>\n\n\n\n<p>&nbsp;Deixar pra viver esse processo depois, segurar o choro, pode at\u00e9 adoecer. E ao mesmo tempo se o sofrimento prolongar, n\u00e3o ser enfrentado, e durar muito tempo tamb\u00e9m pode adoecer, e isso acontece quando o sofrimento come\u00e7a a impedir de viver. Se voc\u00ea percebe isso acontecendo com voc\u00ea ou com algu\u00e9m, procurar a ajuda de um(a) psic\u00f3logo(a) ou recomendar a ajuda de um vai ser uma ajuda importante.<\/p>\n\n\n\n<p>Se voc\u00ea precisar de psic\u00f3logo eu estou a disposi\u00e7\u00e3o.<\/p>\n\n\n\n<p class=\"has-text-align-center\">Atendo online se precisar, o meu contato de whatsapp\/telefone \u00e9&nbsp;(31) 97173-0541<\/p>\n\n\n\n<p class=\"has-text-align-center\">Lucas de Oliveira Barbosa, psic\u00f3logo,&nbsp;CRP-04\/6362.<\/p>\n\n\n\n<p class=\"has-text-align-center\">Sa\u00fade mental tamb\u00e9m \u00e9 importante.<\/p>\n\n\n\n<blockquote class=\"wp-block-quote has-pale-cyan-blue-background-color has-background is-layout-flow wp-block-quote-is-layout-flow\"><p><a href=\"https:\/\/lucasdeoliveirapsi.com.br\/index.php\/2022\/04\/12\/decepcao-com-pessoas\/\" target=\"_blank\" rel=\"noreferrer noopener\" title=\"Voc\u00ea j\u00e1 se decepcionou com algu\u00e9m depois de ver que ela tava diferente doque quando voc\u00eas se conheceram? Te recomendo ler o poste Decep\u00e7\u00e3o com pessoas.\">Voc\u00ea j\u00e1 se decepcionou com algu\u00e9m depois de ver que ela tava diferente doque quando voc\u00eas se conheceram? Te recomendo ler o poste Decep\u00e7\u00e3o com pessoas.<\/a><\/p><\/blockquote>\n\n\n<div class=\"wp-block-image\">\n<figure class=\"aligncenter size-full\"><img loading=\"lazy\" decoding=\"async\" width=\"600\" height=\"200\" src=\"https:\/\/lucasdeoliveirapsi.com.br\/wp-content\/uploads\/2022\/04\/Comparilhe.png\" alt=\"\" class=\"wp-image-129\" srcset=\"https:\/\/lucasdeoliveirapsi.com.br\/wp-content\/uploads\/2022\/04\/Comparilhe.png 600w, https:\/\/lucasdeoliveirapsi.com.br\/wp-content\/uploads\/2022\/04\/Comparilhe-300x100.png 300w\" sizes=\"auto, (max-width: 600px) 100vw, 600px\" \/><\/figure>\n<\/div>","protected":false},"excerpt":{"rendered":"<p>Lhe dar com a perda de algu\u00e9m &nbsp;Perder uma pessoa d\u00f3i n\u00e9? Principalmente se ela \u00e9 bem pr\u00f3xima. \u00c9 uma dor dif\u00edcil de lhe dar.&nbsp;&nbsp;Parece &#8230;. <\/p>\n","protected":false},"author":1,"featured_media":189,"comment_status":"open","ping_status":"open","sticky":false,"template":"","format":"standard","meta":{"om_disable_all_campaigns":false,"footnotes":""},"categories":[7],"tags":[69,70,13,14,10,9],"class_list":["post-188","post","type-post","status-publish","format-standard","has-post-thumbnail","hentry","category-saude-mental","tag-luto","tag-perda","tag-psicologia","tag-psicoterapia","tag-saude","tag-saude-mental"],"aioseo_notices":[],"_links":{"self":[{"href":"https:\/\/lucasdeoliveirapsi.com.br\/index.php\/wp-json\/wp\/v2\/posts\/188","targetHints":{"allow":["GET"]}}],"collection":[{"href":"https:\/\/lucasdeoliveirapsi.com.br\/index.php\/wp-json\/wp\/v2\/posts"}],"about":[{"href":"https:\/\/lucasdeoliveirapsi.com.br\/index.php\/wp-json\/wp\/v2\/types\/post"}],"author":[{"embeddable":true,"href":"https:\/\/lucasdeoliveirapsi.com.br\/index.php\/wp-json\/wp\/v2\/users\/1"}],"replies":[{"embeddable":true,"href":"https:\/\/lucasdeoliveirapsi.com.br\/index.php\/wp-json\/wp\/v2\/comments?post=188"}],"version-history":[{"count":7,"href":"https:\/\/lucasdeoliveirapsi.com.br\/index.php\/wp-json\/wp\/v2\/posts\/188\/revisions"}],"predecessor-version":[{"id":1091,"href":"https:\/\/lucasdeoliveirapsi.com.br\/index.php\/wp-json\/wp\/v2\/posts\/188\/revisions\/1091"}],"wp:featuredmedia":[{"embeddable":true,"href":"https:\/\/lucasdeoliveirapsi.com.br\/index.php\/wp-json\/wp\/v2\/media\/189"}],"wp:attachment":[{"href":"https:\/\/lucasdeoliveirapsi.com.br\/index.php\/wp-json\/wp\/v2\/media?parent=188"}],"wp:term":[{"taxonomy":"category","embeddable":true,"href":"https:\/\/lucasdeoliveirapsi.com.br\/index.php\/wp-json\/wp\/v2\/categories?post=188"},{"taxonomy":"post_tag","embeddable":true,"href":"https:\/\/lucasdeoliveirapsi.com.br\/index.php\/wp-json\/wp\/v2\/tags?post=188"}],"curies":[{"name":"wp","href":"https:\/\/api.w.org\/{rel}","templated":true}]}}