{"id":1768,"date":"2024-10-02T15:41:55","date_gmt":"2024-10-02T18:41:55","guid":{"rendered":"https:\/\/lucasdeoliveirapsi.com.br\/?p=1768"},"modified":"2024-10-04T10:55:14","modified_gmt":"2024-10-04T13:55:14","slug":"busca-por-significado","status":"publish","type":"post","link":"https:\/\/lucasdeoliveirapsi.com.br\/index.php\/2024\/10\/02\/busca-por-significado\/","title":{"rendered":"Busca por significado"},"content":{"rendered":"\n<h2 class=\"wp-block-heading has-background\" style=\"background-color:#ffd563\">A Depress\u00e3o e a Busca por significado<\/h2>\n\n\n\n<p> Quando uma pessoa apresenta sintomas depressivos, um dos pontos observados \u00e9 o retraimento, e a introspec\u00e7\u00e3o. Ela tende a buscar si isolar, evitando o contato com as outras pessoas. Seja buscando ficar no quarto deitada, ou em um ambiente sem ningu\u00e9m, n\u00e3o querendo conversar com ningu\u00e9m. E at\u00e9 mesmo, em alguns casos, deitando de forma encolhida, abra\u00e7ando a pr\u00f3prias pernas e a cabe\u00e7a inclidada pro peito, como se fechace o olhar pra fora e passasse a buscar olhar pra dentro dela mesma.<\/p>\n\n\n\n<p> Simbolicamente ela pode estar procurando dentro si as respostas para a situa\u00e7\u00e3o que ela esta vivenciando. At\u00e9 mesmo pode ser uma busca de sentido, de significado.<\/p>\n\n\n\n<h2 class=\"wp-block-heading has-background\" style=\"background-color:#c0d3df\">O que adoece<\/h2>\n\n\n\n<p> Os fatores que levaram essa pessoa ao adoecimento s\u00e3o diversos, ainda que ela tenha os mesmos sintomas e o mesmo diagn\u00f3stico da depress\u00e3o que outras pessoas, ainda sim ela tem diferen\u00e7as com as outras pessoas, pois, dentro da sua hist\u00f3ria de vida pessoal, que \u00e9 \u00fanica, levou-a at\u00e9 o ponto do adoecimento.<\/p>\n\n\n<div class=\"wp-block-image\">\n<figure class=\"alignleft size-large is-resized\"><img loading=\"lazy\" decoding=\"async\" width=\"1024\" height=\"591\" src=\"https:\/\/lucasdeoliveirapsi.com.br\/wp-content\/uploads\/2024\/10\/pexels-pixabay-208087-1024x591.jpg\" alt=\"\" class=\"wp-image-1794\" style=\"width:196px;height:auto\" srcset=\"https:\/\/lucasdeoliveirapsi.com.br\/wp-content\/uploads\/2024\/10\/pexels-pixabay-208087-1024x591.jpg 1024w, https:\/\/lucasdeoliveirapsi.com.br\/wp-content\/uploads\/2024\/10\/pexels-pixabay-208087-300x173.jpg 300w, https:\/\/lucasdeoliveirapsi.com.br\/wp-content\/uploads\/2024\/10\/pexels-pixabay-208087-768x443.jpg 768w, https:\/\/lucasdeoliveirapsi.com.br\/wp-content\/uploads\/2024\/10\/pexels-pixabay-208087-1536x886.jpg 1536w, https:\/\/lucasdeoliveirapsi.com.br\/wp-content\/uploads\/2024\/10\/pexels-pixabay-208087-2048x1181.jpg 2048w\" sizes=\"auto, (max-width: 1024px) 100vw, 1024px\" \/><figcaption class=\"wp-element-caption\"><a href=\"https:\/\/www.pexels.com\/pt-br\/foto\/boneca-palhaco-triste-na-cesta-208087\/\" target=\"_blank\" rel=\"noopener\" title=\"Foto de Pixabay | Pexels.com\">Foto de Pixabay | Pexels.com<\/a><\/figcaption><\/figure>\n<\/div>\n\n\n<p>Desde problemas relacionados ao ambiente de <a href=\"https:\/\/lucasdeoliveirapsi.com.br\/index.php\/2023\/11\/20\/trabalho-e-saude-quando-o-excesso-se-torna-um-risco\/\" target=\"_blank\" rel=\"noopener\" title=\"trabalho\">trabalho<\/a>, dificuldades de adapta\u00e7\u00e3o a novos formatos de vida ou modos de vida que j\u00e1 s\u00e3o antigos mas que passaram perder o sentido, e o &#8220;sabor&#8221;, podem levar uma pessoa ao adoecimento psicol\u00f3gico.<\/p>\n\n\n\n<p>Sobre o <a href=\"https:\/\/lucasdeoliveirapsi.com.br\/index.php\/2023\/11\/20\/trabalho-e-saude-quando-o-excesso-se-torna-um-risco\/\" target=\"_blank\" rel=\"noopener\" title=\"trabalho\">trabalho<\/a>, a press\u00e3o no ambiente de alta demanada de atividades, desvio de fun\u00e7\u00f5es e dificuldades de relacionamento com as atividades e as pessoas dentro do ambiente de trabalho podem levar ao adoecimento.<\/p>\n\n\n\n<p> Sobre a dificuldades de adapta\u00e7\u00e3o a novos formatos de vida pode ser a dificuldade de adapta\u00e7\u00e3o a uma nova cidade distante da fam\u00edlia de origem, a mudan\u00e7a de trabalho, dificuldade de lhe dar com mudan\u00e7as grandes e com as insegura\u00e7as de uma nova realidade. <\/p>\n\n\n\n<p> E sobre a modos de vida antigos e que perderam o sentido, podemos elencar dificuldades de lhe dar com a press\u00e3o familiar que vem acontecendo a um bom tempo, dificuldades de convivencia com vizinhos de longa data, ou morar em lugares com estilos de vida que j\u00e1 n\u00e3o fazem mais sentido, trabalhos que deixaram de trazer \u00e2nimo para continuar sendo feitos, relacionamentos que perderam o sentido e que continuam por comodismo, entre outros.<\/p>\n\n\n\n<blockquote class=\"wp-block-quote is-layout-flow wp-block-quote-is-layout-flow\">\n<p><strong><em>Quando se perde o sentido, cabe buscar reencontr\u00e1-lo ou buscar um novo<\/em><\/strong><\/p>\n<\/blockquote>\n\n\n\n<p>Em rela\u00e7\u00e3o a parte do tratamento, segundo diversas abordagens psicol\u00f3gicas, passa pelo conhecimento da hist\u00f3ria de cada pessoa em cada caso, sem excluir o diagn\u00f3stico padronizado, mas ainda assim o cuidado \u00e9 dentro da hist\u00f3ria \u00fanica de cada pessoa.<\/p>\n\n\n\n<p>Agora e sobre essa busca por sentido&#8230;<\/p>\n\n\n\n<h2 class=\"wp-block-heading has-light-green-cyan-background-color has-background\">A busca por sentido<\/h2>\n\n\n<div class=\"wp-block-image\">\n<figure class=\"alignright size-large is-resized\"><img loading=\"lazy\" decoding=\"async\" width=\"1024\" height=\"683\" src=\"https:\/\/lucasdeoliveirapsi.com.br\/wp-content\/uploads\/2024\/10\/pexels-renato-448562-1264438-1024x683.jpg\" alt=\"\" class=\"wp-image-1795\" style=\"width:186px;height:auto\" srcset=\"https:\/\/lucasdeoliveirapsi.com.br\/wp-content\/uploads\/2024\/10\/pexels-renato-448562-1264438-1024x683.jpg 1024w, https:\/\/lucasdeoliveirapsi.com.br\/wp-content\/uploads\/2024\/10\/pexels-renato-448562-1264438-300x200.jpg 300w, https:\/\/lucasdeoliveirapsi.com.br\/wp-content\/uploads\/2024\/10\/pexels-renato-448562-1264438-768x512.jpg 768w, https:\/\/lucasdeoliveirapsi.com.br\/wp-content\/uploads\/2024\/10\/pexels-renato-448562-1264438-1536x1024.jpg 1536w, https:\/\/lucasdeoliveirapsi.com.br\/wp-content\/uploads\/2024\/10\/pexels-renato-448562-1264438-2048x1365.jpg 2048w\" sizes=\"auto, (max-width: 1024px) 100vw, 1024px\" \/><figcaption class=\"wp-element-caption\"><a href=\"https:\/\/www.pexels.com\/pt-br\/foto\/fotografia-de-close-up-de-uma-mao-perto-da-janela-1264438\/\" target=\"_blank\" rel=\"noopener\" title=\"Foto de Renato: Pexesl.com\">Foto de Renato: Pexesl.com<\/a><\/figcaption><\/figure>\n<\/div>\n\n\n<p> O Sentido e significado pode ser entendido aqui como raz\u00e3o ou motiva\u00e7\u00e3o pra continuar naquele trabalho, naquele lugar, com aquelas pessoas, fazendo aquelas coisas. Ou o sabor, o que d\u00e1 gosto e que mant\u00e9m conectado aquilo de uma forma. O significado e o sentido aqui podem ser associados a mesma coisa, o que explica e o que mant\u00e9m, at\u00e9 mesmo com rela\u00e7\u00e3o ao valor daquilo pra si mesmo.<\/p>\n\n\n\n<p>A busca por sigificado para a vida, al\u00e9m da busca pela forma de resolver dos problemas e dificuldades que levaram aos conflitos internos, aos problemas externos e outros fatores que cuminaram no adoecimento; s\u00e3o buscados, ainda que seja de uma forma que n\u00e3o seja muito clara.<\/p>\n\n\n\n<p> Nesse sentido, voltamos a simbologia de uma pessoa com tais sintomas buscar a introspec\u00e7\u00e3o, o olhar pra dentro de si mesma na busca deste significado, sentido pra vida e essa solu\u00e7\u00e3o de tudo o que a levou a adoecer. Esse olhar pra dentro n\u00e3o \u00e9 um problema sempre, pois \u00e9 importande revermos o que estamos vivendo se tem algum sentido ainda, ou se precisa de mudan\u00e7a. <\/p>\n\n\n\n<blockquote class=\"wp-block-quote is-layout-flow wp-block-quote-is-layout-flow\">\n<p><strong><em>\u00c9 importante buscar momentos de fazemos companhia para n\u00f3s mesmos.<\/em><\/strong><\/p>\n<\/blockquote>\n\n\n\n<p>\u00c9 importante buscar momentos de fazemos companhia para n\u00f3s mesmos. O perigo aqui \u00e9 s\u00f3 buscar olhar pra dentro e se perder, ou optar por sa\u00eddas que n\u00e3o s\u00e3o saud\u00e1veis.<\/p>\n\n\n\n<p> Mas, pode ser que sozinha essa pessoa n\u00e3o consiga encontrar esse novo significado e como lhe dar com todas as adversidades levaram-na a esta condi\u00e7\u00e3o atual. Por isso \u00e9 importante a busca de ajuda.<\/p>\n\n\n\n<blockquote class=\"wp-block-quote is-layout-flow wp-block-quote-is-layout-flow\">\n<p><strong><em>\u00c9 importante a busca de ajuda.<\/em><\/strong><\/p>\n<\/blockquote>\n\n\n\n<h2 class=\"wp-block-heading has-vivid-green-cyan-background-color has-background\">A ajuda<\/h2>\n\n\n\n<p>A psicoterapia tem como um dos seus objetivos ajudar a pessoa a lhe dar com as suas quest\u00f5es, os seus problemas e adoecimentos. Nela a pessoa pode si conhecer, e com a ajuda do psic\u00f3logo ela pode olhar sob uma outra perspectiva o que est\u00e1 acontecendo e assim ajudar com o seu adoecimento.<\/p>\n\n\n<div class=\"wp-block-image\">\n<figure class=\"alignleft size-large is-resized\"><img loading=\"lazy\" decoding=\"async\" width=\"1024\" height=\"683\" src=\"https:\/\/lucasdeoliveirapsi.com.br\/wp-content\/uploads\/2022\/08\/pexels-samantha-garrote-2467396-1024x683.jpg\" alt=\"\" class=\"wp-image-857\" style=\"width:199px;height:auto\" srcset=\"https:\/\/lucasdeoliveirapsi.com.br\/wp-content\/uploads\/2022\/08\/pexels-samantha-garrote-2467396-1024x683.jpg 1024w, https:\/\/lucasdeoliveirapsi.com.br\/wp-content\/uploads\/2022\/08\/pexels-samantha-garrote-2467396-300x200.jpg 300w, https:\/\/lucasdeoliveirapsi.com.br\/wp-content\/uploads\/2022\/08\/pexels-samantha-garrote-2467396-768x512.jpg 768w, https:\/\/lucasdeoliveirapsi.com.br\/wp-content\/uploads\/2022\/08\/pexels-samantha-garrote-2467396-1536x1024.jpg 1536w, https:\/\/lucasdeoliveirapsi.com.br\/wp-content\/uploads\/2022\/08\/pexels-samantha-garrote-2467396-2048x1365.jpg 2048w\" sizes=\"auto, (max-width: 1024px) 100vw, 1024px\" \/><figcaption class=\"wp-element-caption\"><a href=\"https:\/\/www.pexels.com\/pt-br\/foto\/foto-de-mulher-na-escada-em-angulo-alto-2467396\/\" target=\"_blank\" rel=\"noopener\" title=\"Samantha Garrote | Pexels.com\">Samantha Garrote | Pexels.com<\/a><\/figcaption><\/figure>\n<\/div>\n\n\n<p> Ela consegue ajuda pra buscar caminhos mais saud\u00e1veis pra lhe dar com as situa\u00e7\u00f5es que est\u00e3o levando-a a se sentir assim.<\/p>\n\n\n\n<p> Aqui n\u00e3o se exclui o apoio familiar, de amigos no tratamento, mas assim pode-se conseguir com a terapia, aliada as rela\u00e7\u00f5es com as outras pessoas, a ajuda para melhorar.<\/p>\n\n\n\n<p>N\u00e3o tenha medo de buscar ajuda. Precisando de ajuda procure um psic\u00f3logo. Eu estou a disposi\u00e7\u00e3o. Para entra em contato <a href=\"https:\/\/lucasdeoliveirapsi.com.br\/index.php\/sobre\/\" target=\"_blank\" rel=\"noopener\" title=\"clique aqui\">clique aqui<\/a>.<\/p>\n\n\n<div class=\"wp-block-image\">\n<figure class=\"aligncenter size-large is-resized\"><img loading=\"lazy\" decoding=\"async\" width=\"1024\" height=\"546\" src=\"https:\/\/lucasdeoliveirapsi.com.br\/wp-content\/uploads\/2022\/09\/daisy-2313971_1920-1024x546.jpg\" alt=\"\" class=\"wp-image-1000\" style=\"width:840px;height:auto\" srcset=\"https:\/\/lucasdeoliveirapsi.com.br\/wp-content\/uploads\/2022\/09\/daisy-2313971_1920-1024x546.jpg 1024w, https:\/\/lucasdeoliveirapsi.com.br\/wp-content\/uploads\/2022\/09\/daisy-2313971_1920-300x160.jpg 300w, https:\/\/lucasdeoliveirapsi.com.br\/wp-content\/uploads\/2022\/09\/daisy-2313971_1920-768x409.jpg 768w, https:\/\/lucasdeoliveirapsi.com.br\/wp-content\/uploads\/2022\/09\/daisy-2313971_1920-1536x818.jpg 1536w, https:\/\/lucasdeoliveirapsi.com.br\/wp-content\/uploads\/2022\/09\/daisy-2313971_1920.jpg 1920w\" sizes=\"auto, (max-width: 1024px) 100vw, 1024px\" \/><figcaption class=\"wp-element-caption\"><a href=\"https:\/\/pixabay.com\/pt\/photos\/margarida-obrigada-rom%C3%A2ntico-2313971\/\" target=\"_blank\" rel=\"noopener\" title=\"NoName_13 | Pixabay.com\">NoName_13 | Pixabay.com<\/a><\/figcaption><\/figure>\n<\/div>\n\n<div class=\"wp-block-image\">\n<figure class=\"alignleft size-full is-resized\"><img loading=\"lazy\" decoding=\"async\" width=\"512\" height=\"512\" src=\"https:\/\/lucasdeoliveirapsi.com.br\/wp-content\/uploads\/2023\/06\/enciclopedia.png\" alt=\"\" class=\"wp-image-1286\" style=\"width:56px\" srcset=\"https:\/\/lucasdeoliveirapsi.com.br\/wp-content\/uploads\/2023\/06\/enciclopedia.png 512w, https:\/\/lucasdeoliveirapsi.com.br\/wp-content\/uploads\/2023\/06\/enciclopedia-300x300.png 300w, https:\/\/lucasdeoliveirapsi.com.br\/wp-content\/uploads\/2023\/06\/enciclopedia-150x150.png 150w, https:\/\/lucasdeoliveirapsi.com.br\/wp-content\/uploads\/2023\/06\/enciclopedia-400x400.png 400w\" sizes=\"auto, (max-width: 512px) 100vw, 512px\" \/><\/figure>\n<\/div>\n\n\n<blockquote class=\"wp-block-quote is-layout-flow wp-block-quote-is-layout-flow\">\n<p style=\"font-size:19px\"><strong>Dica de Leitura | Leia tamb\u00e9m os artigos:<\/strong> <em><a href=\"https:\/\/lucasdeoliveirapsi.com.br\/2023\/11\/20\/trabalho-e-saude-quando-o-excesso-se-torna-um-risco\">Trabalho e Sa\u00fade: Quando o excesso se torna um risco<\/a>, <a href=\"https:\/\/lucasdeoliveirapsi.com.br\/2023\/06\/15\/a-cobranca-talvez-injusta\">A cobran\u00e7a talvez injusta<\/a>, <a href=\"https:\/\/lucasdeoliveirapsi.com.br\/2022\/04\/13\/lhe-dar-com-a-perda-de-alguem\">Lhe dar com a perda de algu\u00e9m<\/a><\/em><\/p>\n<\/blockquote>\n\n\n<div class=\"wp-block-image\">\n<figure class=\"aligncenter size-full is-resized\"><img loading=\"lazy\" decoding=\"async\" width=\"600\" height=\"200\" src=\"https:\/\/lucasdeoliveirapsi.com.br\/wp-content\/uploads\/2022\/04\/Comparilhe.png\" alt=\"\" class=\"wp-image-129\" style=\"width:324px;height:auto\" srcset=\"https:\/\/lucasdeoliveirapsi.com.br\/wp-content\/uploads\/2022\/04\/Comparilhe.png 600w, https:\/\/lucasdeoliveirapsi.com.br\/wp-content\/uploads\/2022\/04\/Comparilhe-300x100.png 300w\" sizes=\"auto, (max-width: 600px) 100vw, 600px\" \/><\/figure>\n<\/div>\n\n<div style=\"font-size:22px;\" class=\"wp-block-post-author\"><div class=\"wp-block-post-author__avatar\"><img alt='' src='https:\/\/secure.gravatar.com\/avatar\/89695c79f01fabba49ffc4a941f02dc7940051bfae34e94fbde396de492c1ad1?s=48&#038;d=mm&#038;r=g' srcset='https:\/\/secure.gravatar.com\/avatar\/89695c79f01fabba49ffc4a941f02dc7940051bfae34e94fbde396de492c1ad1?s=96&#038;d=mm&#038;r=g 2x' class='avatar avatar-48 photo' height='48' width='48' \/><\/div><div class=\"wp-block-post-author__content\"><p class=\"wp-block-post-author__byline\">Psic\u00f3logo Clinico (CRP-04\/63762), Bacharel em Psicologia pelo Centro Universit\u00e1rio de Vi\u00e7osa e p\u00f3s-graduando em Psicossom\u00e1tica no IJEP \u2013 Instituto Junguiano de Ensino e Pesquisa<\/p><p class=\"wp-block-post-author__name\">Lucas<\/p><\/div><\/div>\n\n\n<p>Fonte da imagem da capa: <a href=\"https:\/\/www.pexels.com\/pt-br\/foto\/natureza-mao-arbusto-mato-17445274\/\" target=\"_blank\" rel=\"noopener\" title=\"Foto de RIDVAN AYRIK | Pexels.com\">Foto de RIDVAN AYRIK | Pexels.com<\/a><\/p>\n","protected":false},"excerpt":{"rendered":"<p>A Depress\u00e3o e a Busca por significado Quando uma pessoa apresenta sintomas depressivos, um dos pontos observados \u00e9 o retraimento, e a introspec\u00e7\u00e3o. Ela tende &#8230;. <\/p>\n","protected":false},"author":1,"featured_media":1796,"comment_status":"open","ping_status":"open","sticky":false,"template":"","format":"standard","meta":{"om_disable_all_campaigns":false,"footnotes":""},"categories":[1],"tags":[],"class_list":["post-1768","post","type-post","status-publish","format-standard","has-post-thumbnail","hentry","category-sem-categoria"],"aioseo_notices":[],"_links":{"self":[{"href":"https:\/\/lucasdeoliveirapsi.com.br\/index.php\/wp-json\/wp\/v2\/posts\/1768","targetHints":{"allow":["GET"]}}],"collection":[{"href":"https:\/\/lucasdeoliveirapsi.com.br\/index.php\/wp-json\/wp\/v2\/posts"}],"about":[{"href":"https:\/\/lucasdeoliveirapsi.com.br\/index.php\/wp-json\/wp\/v2\/types\/post"}],"author":[{"embeddable":true,"href":"https:\/\/lucasdeoliveirapsi.com.br\/index.php\/wp-json\/wp\/v2\/users\/1"}],"replies":[{"embeddable":true,"href":"https:\/\/lucasdeoliveirapsi.com.br\/index.php\/wp-json\/wp\/v2\/comments?post=1768"}],"version-history":[{"count":24,"href":"https:\/\/lucasdeoliveirapsi.com.br\/index.php\/wp-json\/wp\/v2\/posts\/1768\/revisions"}],"predecessor-version":[{"id":1818,"href":"https:\/\/lucasdeoliveirapsi.com.br\/index.php\/wp-json\/wp\/v2\/posts\/1768\/revisions\/1818"}],"wp:featuredmedia":[{"embeddable":true,"href":"https:\/\/lucasdeoliveirapsi.com.br\/index.php\/wp-json\/wp\/v2\/media\/1796"}],"wp:attachment":[{"href":"https:\/\/lucasdeoliveirapsi.com.br\/index.php\/wp-json\/wp\/v2\/media?parent=1768"}],"wp:term":[{"taxonomy":"category","embeddable":true,"href":"https:\/\/lucasdeoliveirapsi.com.br\/index.php\/wp-json\/wp\/v2\/categories?post=1768"},{"taxonomy":"post_tag","embeddable":true,"href":"https:\/\/lucasdeoliveirapsi.com.br\/index.php\/wp-json\/wp\/v2\/tags?post=1768"}],"curies":[{"name":"wp","href":"https:\/\/api.w.org\/{rel}","templated":true}]}}