{"id":1698,"date":"2025-10-16T12:18:35","date_gmt":"2025-10-16T15:18:35","guid":{"rendered":"https:\/\/lucasdeoliveirapsi.com.br\/?p=1698"},"modified":"2025-10-16T12:23:15","modified_gmt":"2025-10-16T15:23:15","slug":"a-psicossomatica","status":"publish","type":"post","link":"https:\/\/lucasdeoliveirapsi.com.br\/index.php\/2025\/10\/16\/a-psicossomatica\/","title":{"rendered":"A Psicossom\u00e1tica"},"content":{"rendered":"\n<p>Voc\u00ea sabia que o adoecimento fisiol\u00f3gico pode afetar uma pessoa tamb\u00e9m em sua psiqu\u00ea (sua mente, suas emo\u00e7\u00f5es&#8230;), e o mesmo pode acontecer de forma inversa, um adoecimento ps\u00edquico pode afetar o fisiol\u00f3gico?<\/p>\n\n\n\n<p>O  adoecimento pode ser influenciado pelo contexto no qual ele vive (<em>o familiar, o trabalho, o social, o cultural<\/em>) e por sua condi\u00e7\u00e3o pessoal (<em>gen\u00e9tica, comportamental<\/em>), entre outros fatores, logo<strong><em> um adoecimento pode ser multifatorial.<\/em><\/strong><\/p>\n\n\n\n<p> A fam\u00edlia, o trabalho, as outras redes de relacionamento, a cultura na qual est\u00e1 interido&#8230; a sua gen\u00e9tica, o seu comportamento; todos eles podem ser considerados fatores que podem acumular gerando o adoecimento.<\/p>\n\n\n\n<p> Segundo <em>Mello Filho<\/em>, em seu livro <em>Concep\u00e7\u00e3o psicossom\u00e1tica: vis\u00e3o atual<\/em> (2002), ao analisar diversos autores ao longo da hist\u00f3ria da medicina e psicologia,<strong> <em>o indiv\u00edduo adoecido \u00e9 afetado por inteiro<\/em><\/strong>.<\/p>\n\n\n\n<h2 class=\"wp-block-heading has-luminous-vivid-amber-background-color has-background\">O que \u00e9 psicossom\u00e1tica?<\/h2>\n\n\n<div class=\"wp-block-image\">\n<figure class=\"alignright size-full is-resized\"><img loading=\"lazy\" decoding=\"async\" width=\"314\" height=\"558\" src=\"https:\/\/lucasdeoliveirapsi.com.br\/wp-content\/uploads\/2024\/10\/Design-sem-nome.png\" alt=\"\" class=\"wp-image-1846\" style=\"width:114px;height:auto\" srcset=\"https:\/\/lucasdeoliveirapsi.com.br\/wp-content\/uploads\/2024\/10\/Design-sem-nome.png 314w, https:\/\/lucasdeoliveirapsi.com.br\/wp-content\/uploads\/2024\/10\/Design-sem-nome-169x300.png 169w\" sizes=\"auto, (max-width: 314px) 100vw, 314px\" \/><figcaption class=\"wp-element-caption\">Gustavo Gutierrez | pexels.com<\/figcaption><\/figure>\n<\/div>\n\n\n<p> E com isso chegamos ao conceito de Psicossom\u00e1tica, sendo &#8220;<em>psico&#8221; <\/em>a psiqu\u00ea\/mente e o &#8220;<em>soma<\/em>&#8221; com corpo.<\/p>\n\n\n\n<p> O adoecimento que se inicia no psique e se manifesta no corpo, e tamb\u00e9m no sentido oposto come\u00e7ando no corpo e passando para a psiqu\u00ea.<\/p>\n\n\n\n<p>Parte da investiga\u00e7\u00e3o sobre os adoecimentos psicossom\u00e1ticos passa pelo questionamento sobre o <strong><em>sentido do adoecimento<\/em><\/strong>. Para C.G. Jung, pai da psicologia anal\u00edtica, estes adoecimentos se manifestam como <strong><em>sinais de algo de origem no inconsciente<\/em><\/strong> e que, por n\u00e3o ser ouvido de outra forma, passou para corpo (<em>somatizou<\/em>).<\/p>\n\n\n\n<h3 class=\"wp-block-heading has-background\" style=\"background-color:#ffd35b\">Psiqu\u00ea<\/h3>\n\n\n\n<p>A <strong><em>psique<\/em><\/strong>, ou tamb\u00e9m conhecida como<em><strong> mente<\/strong><\/em>, n\u00e3o se trata de um lugar f\u00edsico em nossos corpos, mas se trada de um conceito abstrato desenvolvido a muitos anos.<\/p>\n\n\n\n<blockquote class=\"wp-block-quote is-layout-flow wp-block-quote-is-layout-flow\">\n<p class=\"has-text-align-center\"><strong><em>&#8220;Quando a boca cala, o corpo adoece&#8221;<\/em><\/strong>.<\/p>\n<\/blockquote>\n\n\n\n<p> Esta cita\u00e7\u00e3o que j\u00e1 foi atribu\u00edda a Freud, \u00e9 um ditado popular que de certa forma traz um fundo de verdade. Ela <em><strong>aborda o adoecimento f\u00edsico partindo do psicol\u00f3gico<\/strong><\/em>, diferente do segundo caminho, apresentado anteriormente, para o adoecimento.<\/p>\n\n\n\n<p> Como j\u00e1 comentamos em um outro artigo, um exemplo do adoecimento neste sentido \u00e9 o que popularmente ficou conhecido como <em>&#8220;\u00falcera emocional&#8221;<\/em>, na qual existe um grande ind\u00edcio de que as <em>tens\u00f5es emocionais alteraram o funcionamento do corpo levando ao risco do adoecimento no corpo<\/em>.<\/p>\n\n\n\n<p>Com isso podemos pensar no que disse Granel (<em>apud Filho<\/em>, 2002):<\/p>\n\n\n\n<blockquote class=\"wp-block-quote is-layout-flow wp-block-quote-is-layout-flow\">\n<p class=\"has-text-align-center\"><strong><em>A pessoa adoece com algu\u00e9m, por algu\u00e9m e para algu\u00e9m. Perguntemo-nos sempre: que se prop\u00f5e o paciente com este sintoma? quem \u00e9 seu destinat\u00e1rio? em fun\u00e7\u00e3o de que situa\u00e7\u00e3o foi criado?<\/em><\/strong><\/p>\n<\/blockquote>\n\n\n\n<p> Neste sentido, precisamos questionar, qual \u00e9 o sentido destes sintomas, deste adoecimento que volta ainda que seja tratado. Por isso \u00e9 preciso<em> observar e avaliar o todo do paciente\/cliente<\/em>, e <em>n\u00e3o s\u00f3 o sintoma<\/em> ali, mas, <em>ampliar a procura do sentido<\/em>, como apresentou C.G. Jung.<\/p>\n\n\n\n<h5 class=\"wp-block-heading has-background\" style=\"background:linear-gradient(82deg,rgb(255,211,91) 0%,rgb(255,105,0) 100%)\">Por exemplo<\/h5>\n\n\n<div class=\"wp-block-image\">\n<figure class=\"alignleft size-full is-resized\"><img loading=\"lazy\" decoding=\"async\" width=\"640\" height=\"547\" src=\"https:\/\/lucasdeoliveirapsi.com.br\/wp-content\/uploads\/2025\/06\/Infers_group_arting_health_2018_street_art_graffiti_cardiovascular_disease_hypertension_funded_by_welcome_5112x4368.jpg\" alt=\"\" class=\"wp-image-1938\" style=\"width:200px;height:auto\" srcset=\"https:\/\/lucasdeoliveirapsi.com.br\/wp-content\/uploads\/2025\/06\/Infers_group_arting_health_2018_street_art_graffiti_cardiovascular_disease_hypertension_funded_by_welcome_5112x4368.jpg 640w, https:\/\/lucasdeoliveirapsi.com.br\/wp-content\/uploads\/2025\/06\/Infers_group_arting_health_2018_street_art_graffiti_cardiovascular_disease_hypertension_funded_by_welcome_5112x4368-300x256.jpg 300w\" sizes=\"auto, (max-width: 640px) 100vw, 640px\" \/><figcaption class=\"wp-element-caption\"><a href=\"https:\/\/commons.wikimedia.org\/w\/index.php?title=User:Infers-group&amp;action=edit&amp;redlink=1\">James-Alex Matthews, Infers Group<\/a> | commons.wikimedia.org <\/figcaption><\/figure>\n<\/div>\n\n\n<p>Uma pessoa diagnosticada com <em>hipertens\u00e3o<\/em>, ainda que medicada, pode ter momentos em que a sua press\u00e3o aumenta novamente, e isso pode indicar alguma altera\u00e7\u00e3o ambiental, ou de comportamento alimentar, ou um conjunto de fatores que levaram a sua press\u00e3o voltar a aumentar.<\/p>\n\n\n\n<p> Situa\u00e7\u00f5es de <em>stress <\/em>tamb\u00e9m podem provocar essa altera\u00e7\u00e3o, por isso cabe a observa\u00e7\u00e3o do contexto.<\/p>\n\n\n\n<p> Outro exemplo, uma pessoa com <em><a href=\"https:\/\/bvsms.saude.gov.br\/bruxismo-ranger-ou-apertar-os-dentes\/\" target=\"_blank\" rel=\"noopener\" title=\"bruxismo\">bruxismo<\/a><\/em>, que \u00e9 um transtorno em que a pessoa aperta, desliza ou bate os dentes, principalmente durante o sono e que acontecem de modo involunt\u00e1rio. Ele pode ter causas associadas ao estilo de vida, al\u00e9m de poss\u00edveis fatores heredit\u00e1rios, segundo a BVS Sa\u00fade (<em>Biblioteca Virtual em Sa\u00fade<\/em>).<\/p>\n\n\n\n<p>  Nem sempre provoca sintomas, mas ela pode apresentar: <\/p>\n\n\n\n<blockquote class=\"wp-block-quote is-layout-flow wp-block-quote-is-layout-flow\">\n<p>\u2013 desgastes dent\u00e1rios leves;<br>\u2013 trincas no esmalte dent\u00e1rio;<br>\u2013 sensibilidade nos m\u00fasculos da mastiga\u00e7\u00e3o;<br>\u2013 fraturas de dentes, ra\u00edzes, restaura\u00e7\u00f5es, pr\u00f3teses, chegando at\u00e9 mesmo a fraturas de implantes;<br>\u2013 dores de cabe\u00e7a e na face que muitas vezes se confundem com dores de ouvido, sinusites ou at\u00e9 mesmo como dores de dente;<br>\u2013 marcas na parte interna das bochechas e na l\u00edngua;<br>\u2013 zumbido no ouvido;<br>\u2013 dores e estalos ao abrir e fechar a boca.<\/p>\n<cite><a href=\"https:\/\/bvsms.saude.gov.br\/bruxismo-ranger-ou-apertar-os-dentes\/\" target=\"_blank\" rel=\"noopener\" title=\"bvsms.saude.gov.br\">Biblioteca Virtual em Sa\u00fade | <small>MINIST\u00c9RIO DA SA\u00daDE<\/small><\/a><\/cite><\/blockquote>\n\n\n\n<p> Os inc\u00f4modos como a sensibilidade nos m\u00fasculos, as dores de cabe\u00e7a e na face, zumbidos no ouvido; em uma pessoa que j\u00e1 possui alguma dificuldade de lhe dar com situa\u00e7\u00f5es adversas, dificuldades de resili\u00eancia; al\u00e9m de dificuldade de comunicar com as outras pessoas; podem provocar stress e por conseguinte afetar a sua intera\u00e7\u00e3o com outras pessoas (agir de forma mais agressiva), e em outras atividades de trabalho&#8230;<\/p>\n\n\n\n<p> E ao avaliar, boa parte da causa da mudan\u00e7a de comportamento foi devida ao &#8220;<em>bruxismo<\/em>&#8221; e as dificuldades de lhe dar com as situa\u00e7\u00f5es adversas.<\/p>\n\n\n\n<h2 class=\"wp-block-heading has-pale-cyan-blue-background-color has-background\">As partes que continuam a se integrar ao todo<\/h2>\n\n\n\n<p> Conforme j\u00e1 foi mencionado no artigo &#8220;<em><a href=\"https:\/\/lucasdeoliveirapsi.com.br\/index.php\/2023\/09\/21\/sobre-ser-humano-complexo\/\" target=\"_blank\" rel=\"noopener\" title=\"sobre o ser humano complexo\">Sobre o ser humano complexo<\/a><\/em>&#8220;, n\u00f3s adquirimos o costume de &#8220;<em><strong>dividirmos o ser humano<\/strong><\/em>&#8221; em v\u00e1rias partes para estuda-lo, compreend\u00ea-lo, e corremos o risco de, com essas divis\u00f5es, nos esquecer que o ser humano n\u00e3o \u00e9 apenas os fragmentos que n\u00f3s fizemos.<\/p>\n\n\n<div class=\"wp-block-image\">\n<figure class=\"alignright size-large is-resized\"><img loading=\"lazy\" decoding=\"async\" width=\"1024\" height=\"1024\" src=\"https:\/\/lucasdeoliveirapsi.com.br\/wp-content\/uploads\/2023\/09\/pexels-lil-artsy-3876937-scaled-e1695307423106-1024x1024.jpg\" alt=\"\" class=\"wp-image-1501\" style=\"width:173px;height:auto\" srcset=\"https:\/\/lucasdeoliveirapsi.com.br\/wp-content\/uploads\/2023\/09\/pexels-lil-artsy-3876937-scaled-e1695307423106-1024x1024.jpg 1024w, https:\/\/lucasdeoliveirapsi.com.br\/wp-content\/uploads\/2023\/09\/pexels-lil-artsy-3876937-scaled-e1695307423106-300x300.jpg 300w, https:\/\/lucasdeoliveirapsi.com.br\/wp-content\/uploads\/2023\/09\/pexels-lil-artsy-3876937-scaled-e1695307423106-150x150.jpg 150w, https:\/\/lucasdeoliveirapsi.com.br\/wp-content\/uploads\/2023\/09\/pexels-lil-artsy-3876937-scaled-e1695307423106-768x768.jpg 768w, https:\/\/lucasdeoliveirapsi.com.br\/wp-content\/uploads\/2023\/09\/pexels-lil-artsy-3876937-scaled-e1695307423106-1536x1536.jpg 1536w, https:\/\/lucasdeoliveirapsi.com.br\/wp-content\/uploads\/2023\/09\/pexels-lil-artsy-3876937-scaled-e1695307423106-400x400.jpg 400w, https:\/\/lucasdeoliveirapsi.com.br\/wp-content\/uploads\/2023\/09\/pexels-lil-artsy-3876937-scaled-e1695307423106.jpg 1706w\" sizes=\"auto, (max-width: 1024px) 100vw, 1024px\" \/><figcaption class=\"wp-element-caption\"><a href=\"https:\/\/www.pexels.com\/pt-br\/foto\/corte-uma-pessoa-irreconhecivel-com-olhos-brilhantes-e-cilios-raros-3876937\/\" target=\"_blank\" rel=\"noopener\" title=\"Foto de lil artsy | pexels\">Foto de lil artsy | Pexels<\/a><\/figcaption><\/figure>\n<\/div>\n\n\n<p> O ser humano \u00e9 um conjunto interligado de diversas fun\u00e7\u00f5es, \u00f3rg\u00e3os que se misturam para funcionar. E assim, o adoecer tamb\u00e9m pode afetar, n\u00e3o s\u00f3 o corpo, mas tamb\u00e9m a mente, pois somos inteiros, e n\u00e3o partes.<\/p>\n\n\n\n<p> \u00c9 claro que a magnitude de um acontecimento, de uma ferida ou adoecimento pode fazer com que outras partes sejam menos ou mais atingidas junto com a principal parte afetada, mas \u00e9 preciso olhar o todo.<\/p>\n\n\n\n<p> A partir do momento em que um adoecimento &#8220;ultrapassa&#8221; as dimens\u00f5es entre o f\u00edsico e o ps\u00edquico, o tratamento n\u00e3o pode ser apenas em um dos \u00e2mbitos afetados, mas no conjunto.<\/p>\n\n\n\n<p> No exemplo do bruxismo deve ser feito o acompanhamento e a interven\u00e7\u00e3o de um &#8220;dentista&#8221;, al\u00e9m do acompanhamento psicol\u00f3gico.<\/p>\n\n\n\n<p>Logo, \u00e9 preciso olhar tamb\u00e9m o todo. E quando um adoecimento se manifesta \u00e9 preciso compreender a sua origem al\u00e9m do tratamento, pois assim pode evitar-se o seu retorno.<\/p>\n\n\n\n<p>Voc\u00ea si identificou com algum ponto comentado aqui? Deseja conversar sobre o tema ou at\u00e9 procura atendimento psicol\u00f3gico? Entre em <a href=\"https:\/\/lucasdeoliveirapsi.com.br\/index.php\/sobre\/\" title=\" contato comigo\">contato comigo<\/a>.<\/p>\n\n\n<div style=\"font-size:22px;\" class=\"wp-block-post-author\"><div class=\"wp-block-post-author__avatar\"><img alt='' src='https:\/\/secure.gravatar.com\/avatar\/89695c79f01fabba49ffc4a941f02dc7940051bfae34e94fbde396de492c1ad1?s=48&#038;d=mm&#038;r=g' srcset='https:\/\/secure.gravatar.com\/avatar\/89695c79f01fabba49ffc4a941f02dc7940051bfae34e94fbde396de492c1ad1?s=96&#038;d=mm&#038;r=g 2x' class='avatar avatar-48 photo' height='48' width='48' \/><\/div><div class=\"wp-block-post-author__content\"><p class=\"wp-block-post-author__byline\">Psic\u00f3logo Clinico (CRP-04\/63762), Bacharel em Psicologia no Centro Universit\u00e1rio de Vi\u00e7osa e p\u00f3s-graduando em Psicossom\u00e1tica no IJEP \u2013 Instituto Junguiano de Ensino e Pesquisa<\/p><p class=\"wp-block-post-author__name\">Lucas<\/p><\/div><\/div>\n\n\n<p>Imagem de Capa: Natureza e silhueta humana de tiro m\u00e9dio | <a href=\"https:\/\/br.freepik.com\/fotos-gratis\/natureza-e-silhueta-humana-de-tiro-medio_38689099.htm#fromView=keyword&amp;page=1&amp;position=9&amp;uuid=6afdf5e1-13e0-44d0-ac06-4471336976e5&amp;query=Psicossomatica\" target=\"_blank\" rel=\"noopener\" title=\"Freepik\">Freepik<\/a><\/p>\n","protected":false},"excerpt":{"rendered":"<p>Voc\u00ea sabia que o adoecimento fisiol\u00f3gico pode afetar uma pessoa tamb\u00e9m em sua psiqu\u00ea (sua mente, suas emo\u00e7\u00f5es&#8230;), e o mesmo pode acontecer de forma &#8230;. <\/p>\n","protected":false},"author":1,"featured_media":1972,"comment_status":"open","ping_status":"open","sticky":false,"template":"","format":"standard","meta":{"om_disable_all_campaigns":false,"footnotes":""},"categories":[7],"tags":[13,14,10,9],"class_list":["post-1698","post","type-post","status-publish","format-standard","has-post-thumbnail","hentry","category-saude-mental","tag-psicologia","tag-psicoterapia","tag-saude","tag-saude-mental"],"aioseo_notices":[],"_links":{"self":[{"href":"https:\/\/lucasdeoliveirapsi.com.br\/index.php\/wp-json\/wp\/v2\/posts\/1698","targetHints":{"allow":["GET"]}}],"collection":[{"href":"https:\/\/lucasdeoliveirapsi.com.br\/index.php\/wp-json\/wp\/v2\/posts"}],"about":[{"href":"https:\/\/lucasdeoliveirapsi.com.br\/index.php\/wp-json\/wp\/v2\/types\/post"}],"author":[{"embeddable":true,"href":"https:\/\/lucasdeoliveirapsi.com.br\/index.php\/wp-json\/wp\/v2\/users\/1"}],"replies":[{"embeddable":true,"href":"https:\/\/lucasdeoliveirapsi.com.br\/index.php\/wp-json\/wp\/v2\/comments?post=1698"}],"version-history":[{"count":27,"href":"https:\/\/lucasdeoliveirapsi.com.br\/index.php\/wp-json\/wp\/v2\/posts\/1698\/revisions"}],"predecessor-version":[{"id":1973,"href":"https:\/\/lucasdeoliveirapsi.com.br\/index.php\/wp-json\/wp\/v2\/posts\/1698\/revisions\/1973"}],"wp:featuredmedia":[{"embeddable":true,"href":"https:\/\/lucasdeoliveirapsi.com.br\/index.php\/wp-json\/wp\/v2\/media\/1972"}],"wp:attachment":[{"href":"https:\/\/lucasdeoliveirapsi.com.br\/index.php\/wp-json\/wp\/v2\/media?parent=1698"}],"wp:term":[{"taxonomy":"category","embeddable":true,"href":"https:\/\/lucasdeoliveirapsi.com.br\/index.php\/wp-json\/wp\/v2\/categories?post=1698"},{"taxonomy":"post_tag","embeddable":true,"href":"https:\/\/lucasdeoliveirapsi.com.br\/index.php\/wp-json\/wp\/v2\/tags?post=1698"}],"curies":[{"name":"wp","href":"https:\/\/api.w.org\/{rel}","templated":true}]}}