{"id":1637,"date":"2025-01-06T14:26:49","date_gmt":"2025-01-06T17:26:49","guid":{"rendered":"https:\/\/lucasdeoliveirapsi.com.br\/?p=1637"},"modified":"2025-01-06T14:26:49","modified_gmt":"2025-01-06T17:26:49","slug":"a-arte-como-recurso-terapeutico","status":"publish","type":"post","link":"https:\/\/lucasdeoliveirapsi.com.br\/index.php\/2025\/01\/06\/a-arte-como-recurso-terapeutico\/","title":{"rendered":"A arte como recurso terap\u00eautico"},"content":{"rendered":"\n<p> \u00c9 bem prov\u00e1vel que voc\u00ea tenha ouvido alguma pessoa falar frases como: &#8220;m\u00fasica \u00e9 uma terapia pra mim&#8221;, &#8220;pintar \u00e9 uma terapia pra mim&#8221;, geralmente associando alguma atividade como uma terapia.<\/p>\n\n\n<div class=\"wp-block-image\">\n<figure class=\"alignleft size-large is-resized\"><img loading=\"lazy\" decoding=\"async\" width=\"683\" height=\"1024\" src=\"https:\/\/lucasdeoliveirapsi.com.br\/wp-content\/uploads\/2024\/04\/pexels-yankrukov-5793917-683x1024.jpg\" alt=\"\" class=\"wp-image-1651\" style=\"aspect-ratio:0.6666666666666666;width:175px;height:auto\" srcset=\"https:\/\/lucasdeoliveirapsi.com.br\/wp-content\/uploads\/2024\/04\/pexels-yankrukov-5793917-683x1024.jpg 683w, https:\/\/lucasdeoliveirapsi.com.br\/wp-content\/uploads\/2024\/04\/pexels-yankrukov-5793917-200x300.jpg 200w, https:\/\/lucasdeoliveirapsi.com.br\/wp-content\/uploads\/2024\/04\/pexels-yankrukov-5793917-768x1152.jpg 768w, https:\/\/lucasdeoliveirapsi.com.br\/wp-content\/uploads\/2024\/04\/pexels-yankrukov-5793917-1024x1536.jpg 1024w, https:\/\/lucasdeoliveirapsi.com.br\/wp-content\/uploads\/2024\/04\/pexels-yankrukov-5793917-1365x2048.jpg 1365w, https:\/\/lucasdeoliveirapsi.com.br\/wp-content\/uploads\/2024\/04\/pexels-yankrukov-5793917-scaled.jpg 1707w\" sizes=\"auto, (max-width: 683px) 100vw, 683px\" \/><figcaption class=\"wp-element-caption\">Fisioterapia | foto 01<\/figcaption><\/figure>\n<\/div>\n\n\n<p>Bom, muitas atividades podem realmente funcionar como algum recurso que promove bem-estar ou minimiza alguns problemas. Consequentemente, as pessoas podem tender a chamar essas atividades de &#8220;terap\u00eauticas&#8221; ou &#8220;terapia&#8221;.<\/p>\n\n\n\n<p>Por um lado mais t\u00e9cnico, no entanto, n\u00e3o podemos dizer que todas as atividades s\u00e3o intrinsecamente terap\u00eauticas, mas sim pela forma como s\u00e3o usadas.<\/p>\n\n\n\n<p>As terapias s\u00e3o em si, atividades usadas com finalidade de promover melhora ou minimizar problemas ou danos e s\u00e3o conduzidas por profissionais com esse intuito. Por exemplo dentro da Fisoterapia, a atividade f\u00edsica ali indicada durante o tratamento e acompanhamento do fisoterapeuta \u00e9 chamada terapia. <\/p>\n\n\n\n<h3 class=\"wp-block-heading\">Com isso apresento dois pontos que vale a pena colocar:<\/h3>\n\n\n\n<div class=\"wp-block-group is-vertical is-layout-flex wp-container-core-group-is-layout-8cf370e7 wp-block-group-is-layout-flex\">\n<ul class=\"wp-block-list\">\n<li><em>N\u00e3o \u00e9 porque uma atividade que n\u00e3o \u00e9 orientada ou conduzida por um profissional da sa\u00fade, faz com que ela n\u00e3o tenha bom proveito pra sa\u00fade ou pro bem-estar, ainda que n\u00e3o seja tecnicamente considerada terapia.<\/em><\/li>\n\n\n\n<li><em>Tem atividades que podem n\u00e3o ser medicamentosas (usam rem\u00e9dios), mas que podem ser usadas como recursos terap\u00eauticos por profissionais de sa\u00fade em seus tratamentos.<\/em><\/li>\n<\/ul>\n<\/div>\n\n\n\n<h3 class=\"wp-block-heading has-light-green-cyan-background-color has-background\">Recursos terap\u00eauticos<\/h3>\n\n\n<div class=\"wp-block-image\">\n<figure class=\"alignright size-full is-resized\"><img loading=\"lazy\" decoding=\"async\" width=\"330\" height=\"414\" src=\"https:\/\/lucasdeoliveirapsi.com.br\/wp-content\/uploads\/2024\/12\/mascara-arteterapia.png\" alt=\"\" class=\"wp-image-1881\" style=\"width:111px;height:auto\" srcset=\"https:\/\/lucasdeoliveirapsi.com.br\/wp-content\/uploads\/2024\/12\/mascara-arteterapia.png 330w, https:\/\/lucasdeoliveirapsi.com.br\/wp-content\/uploads\/2024\/12\/mascara-arteterapia-239x300.png 239w\" sizes=\"auto, (max-width: 330px) 100vw, 330px\" \/><figcaption class=\"wp-element-caption\">M\u00e1scara | foto 02<\/figcaption><\/figure>\n<\/div>\n\n\n<p>Os recursos terap\u00eauticos podem ser entendidos aqui como qualquer atividade ou conhecimento que seja aplicado, administrado com o intuito de contribuir para o tratamento.<\/p>\n\n\n\n<p>Por exemplo, podemos pensar desde o uso de medicamentos orientados por m\u00e9dicos, passando pelas dietas recomendadas por nutricionistas, at\u00e9 a aplica\u00e7\u00e3o de jogos ou dan\u00e7as que ajudam nas coordena\u00e7\u00f5es motoras conduzidos por fisoterapeutas. Assim, todas essas atividades podem ser consideradas tecnicamente terap\u00eauticas.<\/p>\n\n\n\n<p>E dentro da psicologia n\u00e3o \u00e9 diferente. Existem muitos tratamentos que aplicam atividades de arte como recurso terap\u00eautico. Um exemplo \u00e9 o uso de desenho e pintura no acompanhamento de crian\u00e7as ou adultos; al\u00e9m disso, outros exemplos s\u00e3o o teatro, a confc\u00e7\u00e3o de m\u00e1scaras ou esculturas como recurso.<\/p>\n\n\n\n<p>Esses tipos de atividade com diveras formas de express\u00f5es criativas e art\u00edsticas, d\u00e1-se o nome de arteterapia.<\/p>\n\n\n\n<h3 class=\"wp-block-heading has-pale-cyan-blue-background-color has-background\">Tratando com a Arte: A Revolu\u00e7\u00e3o Humanit\u00e1ria de Nise da Silveira<\/h3>\n\n\n\n<p>A n\u00edvel hist\u00f3rico, podemos lembrar da <em><a href=\"https:\/\/www.bbc.com\/portuguese\/brasil-61603637\" target=\"_blank\" rel=\"noopener\" title=\"Doutora Nise da Silveira\">Doutora Nise da Silveira<\/a><\/em> (Nise Magalh\u00e3es da Silveira, 1905-1999) que usou a arteterapia no acompanhamento de pessoas com doen\u00e7as mentais, aqui no Brasil. Ela foi uma Psiquiatra, e estudou a abordagem psicol\u00f3gica <em>Psicologia Anal\u00edtica<\/em>, com o seu fundador, C.G. Jung, se tornando pioneira dos estudos desta abordagem psicol\u00f3gica no Brasil.<\/p>\n\n\n\n<p> Nise da Silveira lutou contra as t\u00e9cnicas agressivas aplicadas nos tratamentos de sa\u00fade mental sendo pioneira na luta que hoje \u00e9 conhecida como <em><a href=\"https:\/\/bvsms.saude.gov.br\/18-5-dia-nacional-da-luta-antimanicomial-2\/\" target=\"_blank\" rel=\"noopener\" title=\"luta antimanicomial\">luta antimanicomial<\/a><\/em> dentro do Brasil (termo que n\u00e3o existia na \u00e9poca dela).<\/p>\n\n\n\n<p>Durante o seu segundo per\u00edodo de trabalho no Centro Psiqui\u00e1trico do Engenho de Dentro, no Rio de Janeiro (na d\u00e9c. de 40), buscou trocar as t\u00e9cnicas violentas usadas no tratamentos dos internos do centro, por atividades ocupacionais assumindo a coornena\u00e7\u00e3o do servi\u00e7o de terapia ocupacional (o que fez com que ela fosse reconhecida, tamb\u00e9m com uma das pioneiras na terapia ocupacional no Brasil).<\/p>\n\n\n\n<p> Dentre as atividades realizadas por ela no Centro Psiqui\u00e1trico. incluiu o uso da arteterapia nos tratamentos, criando ateli\u00eas onde os internos poderiam se expressar artisticamente. E em 1952, fundou o Museu de Imagens do Inconsciente, (no Rio de Janeiro) onde se dedicavam ao estudo, pesquisa e preserva\u00e7\u00e3o dos trabalhos realizados nos ateli\u00eas frequentados por seus pacientes.<\/p>\n\n\n\n<p> Logo, Nise da Silveira tornou-se referencia hist\u00f3rica no Brasil e no mundo devido ao seu empenho no trabalho de atendimento humanizado dentro da \u00e1rea da psiquiatria, psicologia e terapia ocupacional.<\/p>\n\n\n\n<h2 class=\"wp-block-heading has-background\" style=\"background-color:#fcb90099\">A  Arteterapia em uso<\/h2>\n\n\n<div class=\"wp-block-image\">\n<figure class=\"alignleft size-full is-resized\"><img loading=\"lazy\" decoding=\"async\" width=\"509\" height=\"679\" src=\"https:\/\/lucasdeoliveirapsi.com.br\/wp-content\/uploads\/2024\/12\/20190410_221435.jpg\" alt=\"\" class=\"wp-image-1890\" style=\"width:80px;height:auto\" srcset=\"https:\/\/lucasdeoliveirapsi.com.br\/wp-content\/uploads\/2024\/12\/20190410_221435.jpg 509w, https:\/\/lucasdeoliveirapsi.com.br\/wp-content\/uploads\/2024\/12\/20190410_221435-225x300.jpg 225w\" sizes=\"auto, (max-width: 509px) 100vw, 509px\" \/><figcaption class=\"wp-element-caption\">Colagem | foto 03<\/figcaption><\/figure>\n<\/div>\n\n\n<p>Voltando a arteterapia, ela contribui para ajudar a dar uma nova percep\u00e7\u00e3o para as quest\u00f5es que nos levam a buscar o tratamento psicoterap\u00eautico (procurar o psic\u00f3logo), dentro das diversar formas de atua\u00e7\u00e3o nesse tratamento, o seu fim ser\u00e1 sempre o apoio para o tratamento.<\/p>\n\n\n\n<p>Al\u00e9m disso, a forma de trabalhar a Arteterapia dentro dos servi\u00e7os de psicoterapia podem variar de acordo com a abordagem psicol\u00f3gica utilizada pelo terap\u00eautica. Por exemplo, o objetivo pode variar de entre a artetrapia dentro da Psicologia Anal\u00edtica para a Terapia Cognitiva Comportamental.<\/p>\n\n\n\n<p>O uso de recursos art\u00edsticos express\u00edvos, al\u00e9m desenvolver a criatividade, abre portas para o auto-conhecimento e para o desenvolvimento da sensibilidade.<\/p>\n\n\n\n<p> Al\u00e9m do desenvolvimento das habilidades motoras usadas para a realiza\u00e7\u00e3o das atividades art\u00edsticas, a pessoa pode entrar em contato com emo\u00e7\u00f5es, lembran\u00e7as que podem ter a sua rela\u00e7\u00e3o as quest\u00f5es que precisam ser trabalhadas durante a psicoterapia, tornando a arte como auxiliar para o acompanhamento psicol\u00f3gico.<\/p>\n\n\n\n<p>Como foi dito anteriormente, essa forma de olhara a arteterapia varia por abordagem psicol\u00f3gica.<\/p>\n\n\n\n<h3 class=\"wp-block-heading has-background\" style=\"background-color:#bbff55\">Para al\u00e9m da Arteterapia<\/h3>\n\n\n\n<p>Assim como a arteterapia, existem diversos outros recursos que podem ser usados nos tratamentos, mas tecnicamente tais recusos n\u00e3o resolvem em si os problemas sozinhos, eles precisam serem aplicados dentro de um acompanhamento cl\u00ednico que possa olhar todo o contexto da pessoa durante esse tratamento e assim ser usado ou parado quando necess\u00e1rio. <\/p>\n\n\n\n<p>Dependendo do caso, alguns recusos podem atrapalhar o tratamento das pessoas, e para avalizar isso melhor \u00e9 bom o acompanhamento do profissional especializado, para que n\u00e3o haja piora no caso.<\/p>\n\n\n\n<p>Por isso recomendo, procure ajuda profissional tamb\u00e9m.<\/p>\n\n\n\n<p>Precisado de ajuda, pode entrar em contato comigo. <a href=\"https:\/\/lucasdeoliveirapsi.com.br\/index.php\/sobre\/\" target=\"_blank\" rel=\"noopener\" title=\"Link para contato.\">Link para contato.<\/a><\/p>\n\n\n<div class=\"wp-block-image\">\n<figure class=\"alignleft size-thumbnail is-resized\"><img loading=\"lazy\" decoding=\"async\" width=\"150\" height=\"150\" src=\"https:\/\/lucasdeoliveirapsi.com.br\/wp-content\/uploads\/2024\/12\/camera2-150x150.png\" alt=\"\" class=\"wp-image-1884\" style=\"width:43px;height:auto\" srcset=\"https:\/\/lucasdeoliveirapsi.com.br\/wp-content\/uploads\/2024\/12\/camera2-150x150.png 150w, https:\/\/lucasdeoliveirapsi.com.br\/wp-content\/uploads\/2024\/12\/camera2-400x400.png 400w\" sizes=\"auto, (max-width: 150px) 100vw, 150px\" \/><\/figure>\n<\/div>\n\n\n<h4 class=\"wp-block-heading has-pale-cyan-blue-background-color has-background\">Imagens<\/h4>\n\n\n\n<p>Capa: <a href=\"https:\/\/www.pexels.com\/pt-br\/foto\/papel-de-parede-rosa-e-roxo-1616403\/\" target=\"_blank\" rel=\"noopener\" title=\"Foto de Zaksheuskaya | Dispon\u00edvel em Pixels\">Foto de Zaksheuskaya | Dispon\u00edvel em Pixels<\/a><\/p>\n\n\n\n<p>Foto 01: <a href=\"https:\/\/www.pexels.com\/pt-br\/procurar\/fisioterapia\/\" target=\"_blank\" rel=\"noopener\" title=\"Foto de Yan Krukau | Dispon\u00edvel em Pixels\">Foto de Yan Krukau | Dispon\u00edvel em Pixels<\/a><\/p>\n\n\n\n<p>Foto 02: Foto de Lucas de Oliveira Barbosa | Acervo Pessoal<\/p>\n\n\n\n<p>Foto 03: Foto de Lucas de Oliveira Barbosa | Acervo Pessoal<\/p>\n\n\n<div class=\"wp-block-image\">\n<figure class=\"alignleft size-full is-resized\"><img loading=\"lazy\" decoding=\"async\" width=\"512\" height=\"512\" src=\"https:\/\/lucasdeoliveirapsi.com.br\/wp-content\/uploads\/2023\/06\/enciclopedia.png\" alt=\"\" class=\"wp-image-1286\" style=\"width:43px;height:auto\" srcset=\"https:\/\/lucasdeoliveirapsi.com.br\/wp-content\/uploads\/2023\/06\/enciclopedia.png 512w, https:\/\/lucasdeoliveirapsi.com.br\/wp-content\/uploads\/2023\/06\/enciclopedia-300x300.png 300w, https:\/\/lucasdeoliveirapsi.com.br\/wp-content\/uploads\/2023\/06\/enciclopedia-150x150.png 150w, https:\/\/lucasdeoliveirapsi.com.br\/wp-content\/uploads\/2023\/06\/enciclopedia-400x400.png 400w\" sizes=\"auto, (max-width: 512px) 100vw, 512px\" \/><\/figure>\n<\/div>\n\n\n<blockquote class=\"wp-block-quote is-layout-flow wp-block-quote-is-layout-flow\">\n<p>Confira tamb\u00e9m os artigos:<em> <a href=\"https:\/\/lucasdeoliveirapsi.com.br\/2023\/12\/12\/e-quando-nao-da-pra-mais-adaptar\" target=\"_blank\" rel=\"noopener\" title=\"\">E quando n\u00e3o d\u00e1 mais pra adaptar<\/a><\/em> |<em> <a href=\"https:\/\/lucasdeoliveirapsi.com.br\/2023\/11\/20\/trabalho-e-saude-quando-o-excesso-se-torna-um-risco\" target=\"_blank\" rel=\"noopener\" title=\"\">Trabalho e Sa\u00fade: Quando o excesso se torna um risco<\/a><\/em> e<em> <a href=\"https:\/\/lucasdeoliveirapsi.com.br\/2023\/10\/26\/adoecimento-e-a-visao-distorcida-de-mundo\" target=\"_blank\" rel=\"noopener\" title=\"\">Adoecimento e vis\u00e3o distorcida do mundo<\/a><\/em><\/p>\n<\/blockquote>\n\n\n<div class=\"wp-block-image\">\n<figure class=\"aligncenter size-full\"><img loading=\"lazy\" decoding=\"async\" width=\"600\" height=\"200\" src=\"https:\/\/lucasdeoliveirapsi.com.br\/wp-content\/uploads\/2022\/04\/Comparilhe.png\" alt=\"\" class=\"wp-image-129\" srcset=\"https:\/\/lucasdeoliveirapsi.com.br\/wp-content\/uploads\/2022\/04\/Comparilhe.png 600w, https:\/\/lucasdeoliveirapsi.com.br\/wp-content\/uploads\/2022\/04\/Comparilhe-300x100.png 300w\" sizes=\"auto, (max-width: 600px) 100vw, 600px\" \/><\/figure>\n<\/div>\n\n<div style=\"font-size:22px;\" class=\"wp-block-post-author\"><div class=\"wp-block-post-author__avatar\"><img alt='' src='https:\/\/secure.gravatar.com\/avatar\/89695c79f01fabba49ffc4a941f02dc7940051bfae34e94fbde396de492c1ad1?s=48&#038;d=mm&#038;r=g' srcset='https:\/\/secure.gravatar.com\/avatar\/89695c79f01fabba49ffc4a941f02dc7940051bfae34e94fbde396de492c1ad1?s=96&#038;d=mm&#038;r=g 2x' class='avatar avatar-48 photo' height='48' width='48' \/><\/div><div class=\"wp-block-post-author__content\"><p class=\"wp-block-post-author__byline\">Psic\u00f3logo Clinico (CRP-04\/63762), Bacharel em Psicologia pelo Centro Universit\u00e1rio de Vi\u00e7osa e p\u00f3s-graduando em Psicossom\u00e1tica no IJEP \u2013 Instituto Junguiano de Ensino e Pesquisa<\/p><p class=\"wp-block-post-author__name\">Lucas<\/p><\/div><\/div>","protected":false},"excerpt":{"rendered":"<p>Este artigo aborda o tema da arte como recurso terap\u00eautico, sua rela\u00e7\u00e3o com a psicoterapia, al\u00e9m de abordar a diferen\u00e7a entre a terapia e a atividade que tr\u00e1s bem-estar.<\/p>\n","protected":false},"author":1,"featured_media":1650,"comment_status":"open","ping_status":"open","sticky":false,"template":"","format":"standard","meta":{"om_disable_all_campaigns":false,"footnotes":""},"categories":[7],"tags":[97,100,13,14,98,10,9,99],"class_list":["post-1637","post","type-post","status-publish","format-standard","has-post-thumbnail","hentry","category-saude-mental","tag-arte","tag-bem-estar","tag-psicologia","tag-psicoterapia","tag-recurso-terapeutico","tag-saude","tag-saude-mental","tag-terapia"],"aioseo_notices":[],"_links":{"self":[{"href":"https:\/\/lucasdeoliveirapsi.com.br\/index.php\/wp-json\/wp\/v2\/posts\/1637","targetHints":{"allow":["GET"]}}],"collection":[{"href":"https:\/\/lucasdeoliveirapsi.com.br\/index.php\/wp-json\/wp\/v2\/posts"}],"about":[{"href":"https:\/\/lucasdeoliveirapsi.com.br\/index.php\/wp-json\/wp\/v2\/types\/post"}],"author":[{"embeddable":true,"href":"https:\/\/lucasdeoliveirapsi.com.br\/index.php\/wp-json\/wp\/v2\/users\/1"}],"replies":[{"embeddable":true,"href":"https:\/\/lucasdeoliveirapsi.com.br\/index.php\/wp-json\/wp\/v2\/comments?post=1637"}],"version-history":[{"count":48,"href":"https:\/\/lucasdeoliveirapsi.com.br\/index.php\/wp-json\/wp\/v2\/posts\/1637\/revisions"}],"predecessor-version":[{"id":1916,"href":"https:\/\/lucasdeoliveirapsi.com.br\/index.php\/wp-json\/wp\/v2\/posts\/1637\/revisions\/1916"}],"wp:featuredmedia":[{"embeddable":true,"href":"https:\/\/lucasdeoliveirapsi.com.br\/index.php\/wp-json\/wp\/v2\/media\/1650"}],"wp:attachment":[{"href":"https:\/\/lucasdeoliveirapsi.com.br\/index.php\/wp-json\/wp\/v2\/media?parent=1637"}],"wp:term":[{"taxonomy":"category","embeddable":true,"href":"https:\/\/lucasdeoliveirapsi.com.br\/index.php\/wp-json\/wp\/v2\/categories?post=1637"},{"taxonomy":"post_tag","embeddable":true,"href":"https:\/\/lucasdeoliveirapsi.com.br\/index.php\/wp-json\/wp\/v2\/tags?post=1637"}],"curies":[{"name":"wp","href":"https:\/\/api.w.org\/{rel}","templated":true}]}}