{"id":1485,"date":"2023-10-26T11:10:50","date_gmt":"2023-10-26T14:10:50","guid":{"rendered":"https:\/\/lucasdeoliveirapsi.com.br\/?p=1485"},"modified":"2023-11-20T11:02:03","modified_gmt":"2023-11-20T14:02:03","slug":"adoecimento-e-a-visao-distorcida-de-mundo","status":"publish","type":"post","link":"https:\/\/lucasdeoliveirapsi.com.br\/index.php\/2023\/10\/26\/adoecimento-e-a-visao-distorcida-de-mundo\/","title":{"rendered":"Adoecimento e a vis\u00e3o distorcida de mundo"},"content":{"rendered":"\n<h2 class=\"wp-block-heading\">Como vemos o mundo?<\/h2>\n\n\n<div class=\"wp-block-image\">\n<figure class=\"alignright size-large is-resized\"><img loading=\"lazy\" decoding=\"async\" width=\"1024\" height=\"683\" src=\"https:\/\/lucasdeoliveirapsi.com.br\/wp-content\/uploads\/2023\/10\/pexels-porapak-apichodilok-346885-1024x683.jpg\" alt=\"\" class=\"wp-image-1516\" style=\"aspect-ratio:1.499267935578331;width:179px;height:auto\" srcset=\"https:\/\/lucasdeoliveirapsi.com.br\/wp-content\/uploads\/2023\/10\/pexels-porapak-apichodilok-346885-1024x683.jpg 1024w, https:\/\/lucasdeoliveirapsi.com.br\/wp-content\/uploads\/2023\/10\/pexels-porapak-apichodilok-346885-300x200.jpg 300w, https:\/\/lucasdeoliveirapsi.com.br\/wp-content\/uploads\/2023\/10\/pexels-porapak-apichodilok-346885-768x512.jpg 768w, https:\/\/lucasdeoliveirapsi.com.br\/wp-content\/uploads\/2023\/10\/pexels-porapak-apichodilok-346885-1536x1024.jpg 1536w, https:\/\/lucasdeoliveirapsi.com.br\/wp-content\/uploads\/2023\/10\/pexels-porapak-apichodilok-346885-2048x1365.jpg 2048w\" sizes=\"auto, (max-width: 1024px) 100vw, 1024px\" \/><figcaption class=\"wp-element-caption\">Foto 01<\/figcaption><\/figure>\n<\/div>\n\n\n<p> Por mais que vivamos em sociedade, que sejamos animais sociais e que se estabelecem em grupos por meio de identifica\u00e7\u00e3o cultural; temos a nossa individualidade.<\/p>\n\n\n\n<p> Nosso jeito de ver o mundo, por mais que possua v\u00ednculos de semelhan\u00e7a com outras pessoas, com o grupo onde nos encaixamos ou vivemos, ainda existe algo em n\u00f3s que nos diferencia dos outros.<\/p>\n\n\n\n<p> A forma como experimentamos o que vivemos, e a forma como guardamos, registramos essas experi\u00eancias em nossas mem\u00f3rias, os sentimentos que sentimos quando vivemos cada momento; tudo isso pode diferenciar a nossa forma de ver o mundo.<\/p>\n\n\n\n<h2 class=\"wp-block-heading\">Nossos \u00f3culos para ver o mundo<\/h2>\n\n\n<div class=\"wp-block-image\">\n<figure class=\"alignleft size-large is-resized\"><img loading=\"lazy\" decoding=\"async\" width=\"1024\" height=\"1024\" src=\"https:\/\/lucasdeoliveirapsi.com.br\/wp-content\/uploads\/2023\/10\/oculos-1024x1024.png\" alt=\"\" class=\"wp-image-1515\" style=\"aspect-ratio:1;width:184px;height:auto\" srcset=\"https:\/\/lucasdeoliveirapsi.com.br\/wp-content\/uploads\/2023\/10\/oculos-1024x1024.png 1024w, https:\/\/lucasdeoliveirapsi.com.br\/wp-content\/uploads\/2023\/10\/oculos-300x300.png 300w, https:\/\/lucasdeoliveirapsi.com.br\/wp-content\/uploads\/2023\/10\/oculos-150x150.png 150w, https:\/\/lucasdeoliveirapsi.com.br\/wp-content\/uploads\/2023\/10\/oculos-768x768.png 768w, https:\/\/lucasdeoliveirapsi.com.br\/wp-content\/uploads\/2023\/10\/oculos-1536x1536.png 1536w, https:\/\/lucasdeoliveirapsi.com.br\/wp-content\/uploads\/2023\/10\/oculos-2048x2048.png 2048w, https:\/\/lucasdeoliveirapsi.com.br\/wp-content\/uploads\/2023\/10\/oculos-400x400.png 400w\" sizes=\"auto, (max-width: 1024px) 100vw, 1024px\" \/><figcaption class=\"wp-element-caption\">Foto 02<\/figcaption><\/figure>\n<\/div>\n\n\n<p> \u00c9 como se fossemos artes\u00e3os que constroem \u00f3culos; mas cada um constr\u00f3i o seu pr\u00f3prio \u00f3culos. Esse \u00f3culos pelo qual vemos o mundo, que constru\u00edmos, s\u00e3o compostos por pe\u00e7as especiais.<\/p>\n\n\n\n<p> Cada uma das pe\u00e7as s\u00e3o confeccionadas a partir da nossa gen\u00e9tica, das nossas condi\u00e7\u00f5es f\u00edsicas, dos costumes que aprendemos com quem convivemos desde o ventre materno; das culturas com as quais tivemos contato, e as culturas com as quais ainda temos contato at\u00e9 hoje; e das experi\u00eancias marcantes que vivemos, sejam ruins ou boas; todas elas formam essas pe\u00e7as.<\/p>\n\n\n\n<p> Podemos modificar esse \u00f3culos ao logo da nossa vida, com base nas nossas novas escolhas.<\/p>\n\n\n\n<p> N\u00f3s podemos mudar o nosso jeito de ver o mundo.<\/p>\n\n\n\n<p> Quando vivemos experi\u00eancias que nos fizeram mal na nossa vida, e elas nos fizeram ver o mundo de uma forma adoecida, que nos impede de vivermos plenamente, de sermos saud\u00e1veis f\u00edsicamente e mentalmente, podemos buscar ajuda profissional pra contornar essa forma de ver o mundo.<\/p>\n\n\n\n<p> Ai entra psicoterapia; quando voc\u00ea procura um psic\u00f3logo(a) pra ti ajudar, ele(a), junto com voc\u00ea, te ajuda a rever esses pontos que lhe fizeram adoecer, e juntos conseguir ver meios de contornar esse problema.<\/p>\n\n\n\n<h2 class=\"wp-block-heading\">Adoecimento e forma distorcida de ver e viver no mundo<\/h2>\n\n\n\n<h3 class=\"wp-block-heading\">Indo pra um exemplo mais pr\u00e1tico:<\/h3>\n\n\n\n<p> Quando uma pessoa vive diversas experi\u00eancias que para ela foram ruins, e fizeram ela sentir um medo t\u00e3o intenso que faz com que ela n\u00e3o queira mais sair de casa, ou se relacionar com outras pessoas; d\u00e1 pra perceber que existe esse problema que impede ela de viver e conviver com outras pessoas.<\/p>\n\n\n\n<p> Esse medo, nesse caso, pode ser sinal desse adoecimento mental. E aqui uma das formas de tratar esse medo \u00e9 a busca pela psicoterapia.<\/p>\n\n\n\n<h3 class=\"wp-block-heading\">O adoecimento mental<\/h3>\n\n\n\n<p> Existem v\u00e1rias formas de adoecimento mental que acontecem com as pessoas, e uma coisa em comum dessas formas \u00e9 que boa parte delas s\u00e3o sinais de problemas t\u00e3o intensos pras pessoas que as dificultam ou impedem de viver.<\/p>\n\n\n\n<p> O medo em excesso, a ansiedade em excesso podem ser alguns desses sinais de adoecimento. E que podem n\u00e3o si manifestarem de uma hora pra outra, eles vem da forma como vivemos nossas experi\u00eancias e registramos elas.<\/p>\n\n\n\n<p> Esses adoecimentos podem fazer com que nossa vis\u00e3o do mundo fique distorcida, dificultando compreender as pessoas e nos relacionar com elas; dificultando realizar tarefas, atividades que antes eram prazerosas pra gente, que nos faziam bem e que n\u00f3s gost\u00e1vamos de fazer.<\/p>\n\n\n\n<p> Se voc\u00ea reconhece que isto tem acontecido com voc\u00ea, recomendo essa busca pela psicoterapia, ela pode te ajudar muito. Precisando de ajuda pode <a href=\"https:\/\/lucasdeoliveirapsi.com.br\/index.php\/sobre\/\" target=\"_blank\" rel=\"noopener\" title=\"entrar em contato comigo\">entrar em contato comigo<\/a>.<\/p>\n\n\n\n<h2 class=\"wp-block-heading\">Concluindo<\/h2>\n\n\n\n<p> Nossos adoecimentos podem influenciar na nossa forma de ver o mundo, e a partir disso, podemos ter dificuldades nas nossas rela\u00e7\u00f5es com outras pessoas, e na nossa vida a n\u00edvel pessoal.<\/p>\n\n\n\n<p> Por isso \u00e9 importante cuidarmos de n\u00f3s mesmos em todos os \u00e2mbitos de nossas vidas, f\u00edscamente e mentalmente; indivudualmente e socialmente, para assim melhorarmos a nossa qualidade de vida.<\/p>\n\n\n\n<blockquote class=\"wp-block-quote is-layout-flow wp-block-quote-is-layout-flow\">\n<figure class=\"wp-block-pullquote\"><blockquote><p><em><strong>Cuide tamb\u00e9m de voc\u00ea, fa\u00e7a terapia.<\/strong><\/em><\/p><\/blockquote><\/figure>\n<\/blockquote>\n\n\n\n<blockquote class=\"wp-block-quote is-layout-flow wp-block-quote-is-layout-flow\">\n<p><strong>Confira tamb\u00e9m os artigos:<\/strong><em> &#8220;<a href=\"https:\/\/lucasdeoliveirapsi.com.br\/index.php\/2023\/09\/21\/sobre-ser-humano-complexo\/\" target=\"_blank\" rel=\"noopener\" title=\"Sobre ser humano complexo\">Sobre ser humano complexo<\/a>&#8220;, &#8220;<a href=\"https:\/\/lucasdeoliveirapsi.com.br\/index.php\/2023\/09\/08\/o-autoconhecimento\/\" target=\"_blank\" rel=\"noopener\" title=\"O autoconhecimento\">O autoconhecimento<\/a>&#8221; <\/em>e<em> &#8220;<a href=\"https:\/\/lucasdeoliveirapsi.com.br\/index.php\/2023\/08\/29\/padroes-de-beleza-e-saude-mental\/\" target=\"_blank\" rel=\"noopener\" title=\"Padr\u00f5es de beleza e sa\u00fade mental\">Padr\u00f5es de beleza e sa\u00fade mental<\/a>&#8220;<\/em><\/p>\n<\/blockquote>\n\n\n<div style=\"font-size:25px;\" class=\"wp-block-post-author\"><div class=\"wp-block-post-author__avatar\"><img alt='' src='https:\/\/secure.gravatar.com\/avatar\/89695c79f01fabba49ffc4a941f02dc7940051bfae34e94fbde396de492c1ad1?s=48&#038;d=mm&#038;r=g' srcset='https:\/\/secure.gravatar.com\/avatar\/89695c79f01fabba49ffc4a941f02dc7940051bfae34e94fbde396de492c1ad1?s=96&#038;d=mm&#038;r=g 2x' class='avatar avatar-48 photo' height='48' width='48' \/><\/div><div class=\"wp-block-post-author__content\"><p class=\"wp-block-post-author__byline\">Psic\u00f3logo Clinico (CRP-04\/63762), Bacharel em Psicologia no Centro Universit\u00e1rio de Vi\u00e7osa e p\u00f3s-graduando em Psicossom\u00e1tica no IJEP \u2013 Instituto Junguiano de Ensino e Pesquisa<\/p><p class=\"wp-block-post-author__name\">Lucas<\/p><\/div><\/div>\n\n<div class=\"wp-block-image\">\n<figure class=\"aligncenter size-full is-resized\"><img loading=\"lazy\" decoding=\"async\" width=\"600\" height=\"200\" src=\"https:\/\/lucasdeoliveirapsi.com.br\/wp-content\/uploads\/2022\/04\/Comparilhe.png\" alt=\"\" class=\"wp-image-129\" style=\"aspect-ratio:3;width:688px;height:auto\" srcset=\"https:\/\/lucasdeoliveirapsi.com.br\/wp-content\/uploads\/2022\/04\/Comparilhe.png 600w, https:\/\/lucasdeoliveirapsi.com.br\/wp-content\/uploads\/2022\/04\/Comparilhe-300x100.png 300w\" sizes=\"auto, (max-width: 600px) 100vw, 600px\" \/><\/figure>\n<\/div>\n\n\n<h2 class=\"wp-block-heading\">Fontes de imgens<\/h2>\n\n\n\n<p>Imagem da Capa: Imagem gerada por IA: <a href=\"https:\/\/www.bing.com\/images\/create\/planeta-distorcido2c-impressionismo\/653a7202b78b47409b598653844bda5e?id=Jsfvb2fgMI8KefFPx76K1g%3d%3d&amp;view=detailv2&amp;idpp=genimg&amp;darkschemeovr=1&amp;edgehub=1&amp;FORM=GCRIDP\" target=\"_blank\" rel=\"noopener\" title=\"\"><em>https:\/\/www.bing.com\/images\/create\/planeta-distorcido2c-impressionismo\/653a7202b78b47409b598653844bda5e?id=Jsfvb2fgMI8KefFPx76K1g%3d%3d&amp;view=detailv2&amp;idpp=genimg&amp;darkschemeovr=1&amp;edgehub=1&amp;FORM=GCRIDP<\/em><\/a><\/p>\n\n\n\n<p>Foto 01: Foto de Porapak Apichodilok: <em><a href=\"https:\/\/www.pexels.com\/pt-br\/foto\/pessoa-segurando-o-globo-voltado-para-a-montanha-346885\/\" target=\"_blank\" rel=\"noopener\" title=\"\">https:\/\/www.pexels.com\/pt-br\/foto\/pessoa-segurando-o-globo-voltado-para-a-montanha-346885\/<\/a><\/em><\/p>\n\n\n\n<p>Foto 02: Foto de Karolina Grabowska: <em><a href=\"https:\/\/www.pexels.com\/pt-br\/foto\/cores-do-outono-cores-de-outono-oculos-tecido-5429852\/\" target=\"_blank\" rel=\"noopener\" title=\"\">https:\/\/www.pexels.com\/pt-br\/foto\/cores-do-outono-cores-de-outono-oculos-tecido-5429852\/<\/a><\/em><\/p>\n","protected":false},"excerpt":{"rendered":"<p>Como vemos o mundo? Por mais que vivamos em sociedade, que sejamos animais sociais e que se estabelecem em grupos por meio de identifica\u00e7\u00e3o cultural; &#8230;. <\/p>\n","protected":false},"author":1,"featured_media":1527,"comment_status":"open","ping_status":"open","sticky":false,"template":"","format":"standard","meta":{"om_disable_all_campaigns":false,"footnotes":""},"categories":[7],"tags":[13,14,10,9],"class_list":["post-1485","post","type-post","status-publish","format-standard","has-post-thumbnail","hentry","category-saude-mental","tag-psicologia","tag-psicoterapia","tag-saude","tag-saude-mental"],"aioseo_notices":[],"_links":{"self":[{"href":"https:\/\/lucasdeoliveirapsi.com.br\/index.php\/wp-json\/wp\/v2\/posts\/1485","targetHints":{"allow":["GET"]}}],"collection":[{"href":"https:\/\/lucasdeoliveirapsi.com.br\/index.php\/wp-json\/wp\/v2\/posts"}],"about":[{"href":"https:\/\/lucasdeoliveirapsi.com.br\/index.php\/wp-json\/wp\/v2\/types\/post"}],"author":[{"embeddable":true,"href":"https:\/\/lucasdeoliveirapsi.com.br\/index.php\/wp-json\/wp\/v2\/users\/1"}],"replies":[{"embeddable":true,"href":"https:\/\/lucasdeoliveirapsi.com.br\/index.php\/wp-json\/wp\/v2\/comments?post=1485"}],"version-history":[{"count":14,"href":"https:\/\/lucasdeoliveirapsi.com.br\/index.php\/wp-json\/wp\/v2\/posts\/1485\/revisions"}],"predecessor-version":[{"id":1573,"href":"https:\/\/lucasdeoliveirapsi.com.br\/index.php\/wp-json\/wp\/v2\/posts\/1485\/revisions\/1573"}],"wp:featuredmedia":[{"embeddable":true,"href":"https:\/\/lucasdeoliveirapsi.com.br\/index.php\/wp-json\/wp\/v2\/media\/1527"}],"wp:attachment":[{"href":"https:\/\/lucasdeoliveirapsi.com.br\/index.php\/wp-json\/wp\/v2\/media?parent=1485"}],"wp:term":[{"taxonomy":"category","embeddable":true,"href":"https:\/\/lucasdeoliveirapsi.com.br\/index.php\/wp-json\/wp\/v2\/categories?post=1485"},{"taxonomy":"post_tag","embeddable":true,"href":"https:\/\/lucasdeoliveirapsi.com.br\/index.php\/wp-json\/wp\/v2\/tags?post=1485"}],"curies":[{"name":"wp","href":"https:\/\/api.w.org\/{rel}","templated":true}]}}