{"id":1416,"date":"2023-08-29T11:49:45","date_gmt":"2023-08-29T14:49:45","guid":{"rendered":"https:\/\/lucasdeoliveirapsi.com.br\/?p=1416"},"modified":"2023-08-29T12:22:00","modified_gmt":"2023-08-29T15:22:00","slug":"padroes-de-beleza-e-saude-mental","status":"publish","type":"post","link":"https:\/\/lucasdeoliveirapsi.com.br\/index.php\/2023\/08\/29\/padroes-de-beleza-e-saude-mental\/","title":{"rendered":"Padr\u00f5es de beleza e sa\u00fade mental"},"content":{"rendered":"\n<h2 class=\"wp-block-heading has-vivid-green-cyan-background-color has-background\">Os padr\u00f5es e a cultura<\/h2>\n\n\n<div class=\"wp-block-image\">\n<figure class=\"alignright size-full is-resized\"><img loading=\"lazy\" decoding=\"async\" src=\"https:\/\/lucasdeoliveirapsi.com.br\/wp-content\/uploads\/2023\/08\/7cce841a-e207-4297-833d-95771e19bc7e.jpeg\" alt=\"\" class=\"wp-image-1435\" width=\"154\" height=\"154\" srcset=\"https:\/\/lucasdeoliveirapsi.com.br\/wp-content\/uploads\/2023\/08\/7cce841a-e207-4297-833d-95771e19bc7e.jpeg 1024w, https:\/\/lucasdeoliveirapsi.com.br\/wp-content\/uploads\/2023\/08\/7cce841a-e207-4297-833d-95771e19bc7e-300x300.jpeg 300w, https:\/\/lucasdeoliveirapsi.com.br\/wp-content\/uploads\/2023\/08\/7cce841a-e207-4297-833d-95771e19bc7e-150x150.jpeg 150w, https:\/\/lucasdeoliveirapsi.com.br\/wp-content\/uploads\/2023\/08\/7cce841a-e207-4297-833d-95771e19bc7e-768x768.jpeg 768w, https:\/\/lucasdeoliveirapsi.com.br\/wp-content\/uploads\/2023\/08\/7cce841a-e207-4297-833d-95771e19bc7e-400x400.jpeg 400w\" sizes=\"auto, (max-width: 154px) 100vw, 154px\" \/><figcaption class=\"wp-element-caption\">1<\/figcaption><\/figure>\n<\/div>\n\n\n<p> No geral, os padr\u00f5es s\u00e3o constru\u00eddos ao longo da hist\u00f3ria, com base nas cren\u00e7as e costumes de uma \u00e9poca e podem ser modificados. Por exemplo, em algum momento da hist\u00f3ria os algarismos Romanos (I,II,X) foram deixados de lado e os algarismos ar\u00e1bicos (1, 2, 10) passaram a ser mais usados.<\/p>\n\n\n\n<p> Quando falamos de cren\u00e7as e costumes, tamb\u00e9m podemos considerar as ideias, as atitudes, e as experi\u00eancias de uma sociedade, e a este conjunto de elementos podemos dar o nome de cultura.<\/p>\n\n\n\n<p> E essa cultura pode mudar com o passar dos anos. Na medida que ocorrem mudan\u00e7as tecnol\u00f3gicas, art\u00edsticas, cient\u00edficas; e essas mudan\u00e7as s\u00e3o incorporadas em cada sociedade; com elas tamb\u00e9m podem mudar os valores e os padr\u00f5es.<\/p>\n\n\n\n<h2 class=\"wp-block-heading has-luminous-vivid-amber-background-color has-background\">O padr\u00e3o e a pessoa<\/h2>\n\n\n<div class=\"wp-block-image\">\n<figure class=\"alignleft size-full is-resized\"><img loading=\"lazy\" decoding=\"async\" src=\"https:\/\/lucasdeoliveirapsi.com.br\/wp-content\/uploads\/2023\/08\/d27b0922-214f-4e51-b34c-eafec86224f8.jpeg\" alt=\"\" class=\"wp-image-1437\" width=\"130\" height=\"130\" srcset=\"https:\/\/lucasdeoliveirapsi.com.br\/wp-content\/uploads\/2023\/08\/d27b0922-214f-4e51-b34c-eafec86224f8.jpeg 1024w, https:\/\/lucasdeoliveirapsi.com.br\/wp-content\/uploads\/2023\/08\/d27b0922-214f-4e51-b34c-eafec86224f8-300x300.jpeg 300w, https:\/\/lucasdeoliveirapsi.com.br\/wp-content\/uploads\/2023\/08\/d27b0922-214f-4e51-b34c-eafec86224f8-150x150.jpeg 150w, https:\/\/lucasdeoliveirapsi.com.br\/wp-content\/uploads\/2023\/08\/d27b0922-214f-4e51-b34c-eafec86224f8-768x768.jpeg 768w, https:\/\/lucasdeoliveirapsi.com.br\/wp-content\/uploads\/2023\/08\/d27b0922-214f-4e51-b34c-eafec86224f8-400x400.jpeg 400w\" sizes=\"auto, (max-width: 130px) 100vw, 130px\" \/><figcaption class=\"wp-element-caption\">2<\/figcaption><\/figure>\n<\/div>\n\n\n<p> Quando nos concentramos em ver apenas uma pessoa, a sua personalidade, a sua forma de ver o mundo; nessa pessoa, parte dos valores, dos costumes e das cren\u00e7as, a cultura com a qual ela se identifica e na qual est\u00e1 inserida, podem tamb\u00e9m estar nela, a sua forma individual de viver.<\/p>\n\n\n\n<p> Em algumas abordagens psicol\u00f3gicas at\u00e9 consideram que parte do desenvolvimento individual passa pelo aprendizado dessas cren\u00e7as e costumes.<\/p>\n\n\n\n<p> E dentro dessas cren\u00e7as e costumes tamb\u00e9m podem ser aprendidos os padr\u00f5es de beleza, inclusive padr\u00f5es que podem ser considerados bons ou ruins.<\/p>\n\n\n\n<h2 class=\"wp-block-heading has-background\" style=\"background-color:#cf852d\">Padr\u00e3o de beleza, pessoa e exclus\u00e3o<\/h2>\n\n\n\n<p> Um exemplo ruim desses padr\u00f5es de beleza, mas que felizmente est\u00e1 si modificando, ainda que lentamente, \u00e9 o padr\u00e3o de beleza que exclu\u00ed os tons de pele mais escuros, al\u00e9m da cultura e das cren\u00e7as de origem africanas; que vemos acontecer ainda no no brasil.<\/p>\n\n\n\n<p> Essa exclus\u00e3o tem liga\u00e7\u00e3o ao racismo, ainda que de forma subentendida (racismo estrutural).<\/p>\n\n\n\n<blockquote class=\"wp-block-quote is-layout-flow wp-block-quote-is-layout-flow\">\n<p>Precisamos lembrar aqui que os padr\u00f5es de beleza podem variar com cada pa\u00eds, de acordo com a cultura e a constru\u00e7\u00e3o da sua hist\u00f3ria.<\/p>\n<\/blockquote>\n\n\n\n<h3 class=\"wp-block-heading\">Mas voltando&#8230;<\/h3>\n\n\n\n<p> N\u00f3s aprendemos a dizer o que que \u00e9 belo e o que que \u00e9 feio. E dentro desse aprendizado podemos aprender esses padr\u00f5es que excluem.<\/p>\n\n\n\n<blockquote class=\"wp-block-quote is-layout-flow wp-block-quote-is-layout-flow\">\n<p> O &#8220;belo e o feio&#8221; \u00e9 algo constru\u00eddo, e quando ele oprime, fere, e exclu\u00ed, precisar ser repensando.<\/p>\n<\/blockquote>\n\n\n\n<p> Percebemos esse problema ligado ao preconceito ao longo da hist\u00f3ria do nosso pa\u00eds; vendo a valoriza\u00e7\u00e3o de corpos magros e de tons de peles claras na TV e a desvaloriza\u00e7\u00e3o de corpos de tons de pele escuros e volumosos.<\/p>\n\n\n<div class=\"wp-block-image\">\n<figure class=\"aligncenter size-large is-resized\"><img decoding=\"async\" src=\"https:\/\/lucasdeoliveirapsi.com.br\/wp-content\/uploads\/2023\/08\/twigs-4211837_1280-edited-1.jpg\" alt=\"\" class=\"wp-image-1453\" width=\"794\" srcset=\"https:\/\/lucasdeoliveirapsi.com.br\/wp-content\/uploads\/2023\/08\/twigs-4211837_1280-edited-1.jpg 1280w, https:\/\/lucasdeoliveirapsi.com.br\/wp-content\/uploads\/2023\/08\/twigs-4211837_1280-edited-1-300x169.jpg 300w, https:\/\/lucasdeoliveirapsi.com.br\/wp-content\/uploads\/2023\/08\/twigs-4211837_1280-edited-1-1024x576.jpg 1024w, https:\/\/lucasdeoliveirapsi.com.br\/wp-content\/uploads\/2023\/08\/twigs-4211837_1280-edited-1-768x432.jpg 768w, https:\/\/lucasdeoliveirapsi.com.br\/wp-content\/uploads\/2023\/08\/twigs-4211837_1280-edited-1-888x500.jpg 888w\" sizes=\"(max-width: 1280px) 100vw, 1280px\" \/><figcaption class=\"wp-element-caption\">3<\/figcaption><\/figure>\n<\/div>\n\n\n<h2 class=\"wp-block-heading has-cyan-bluish-gray-background-color has-background\">Sa\u00fade mental e os padr\u00f5es<\/h2>\n\n\n\n<p>  Podemos pensar em alguns pontos que podem passar por esse padr\u00f5es.<\/p>\n\n\n\n<ul class=\"wp-block-list\">\n<li>O medo de sair de casa por receio do que os outros v\u00e3o pensar, pode esbarrar nesses padr\u00f5es.<\/li>\n\n\n\n<li>A hipervalorizar\u00e3o da opini\u00e3o do outro e a desvaloriza\u00e7\u00e3o da pr\u00f3pria opini\u00e3o tamb\u00e9m podem passar por esses padr\u00f5es.<\/li>\n<\/ul>\n\n\n\n<p> N\u00e3o \u00e9 que os padr\u00f5es sejam os \u00fanicos fatores que podem influenciar nessas quest\u00f5es sobre o medo e a hipervalorizar\u00e3o, eles s\u00e3o alguns dos&nbsp;muitos&nbsp;fatores.<\/p>\n\n\n\n<p> Cada pessoa com as sua hist\u00f3ria de vida \u00fanica, suas experi\u00eancias pessoais, por mais que tenha semelhan\u00e7as com outras muitas pessoas, os seus casos precisam ser vistos tamb\u00e9m particularmente.<\/p>\n\n\n<div class=\"wp-block-image\">\n<figure class=\"alignright size-large is-resized\"><img loading=\"lazy\" decoding=\"async\" src=\"https:\/\/lucasdeoliveirapsi.com.br\/wp-content\/uploads\/2023\/08\/mental-health-3332122_1280-1024x790.png\" alt=\"\" class=\"wp-image-1449\" width=\"190\" height=\"147\" srcset=\"https:\/\/lucasdeoliveirapsi.com.br\/wp-content\/uploads\/2023\/08\/mental-health-3332122_1280-1024x790.png 1024w, https:\/\/lucasdeoliveirapsi.com.br\/wp-content\/uploads\/2023\/08\/mental-health-3332122_1280-300x231.png 300w, https:\/\/lucasdeoliveirapsi.com.br\/wp-content\/uploads\/2023\/08\/mental-health-3332122_1280-768x592.png 768w, https:\/\/lucasdeoliveirapsi.com.br\/wp-content\/uploads\/2023\/08\/mental-health-3332122_1280.png 1280w\" sizes=\"auto, (max-width: 190px) 100vw, 190px\" \/><figcaption class=\"wp-element-caption\">4<\/figcaption><\/figure>\n<\/div>\n\n\n<p> O viver com medo das outras pessoas, ou viver sempre dependente exclusivamente da opini\u00e3o das outras pessoas pode ser adoecedor. Pode nos privar fazer escolhas que nos agradam; ou contribuir para diversas outras formas de adoecimentos como quadros de ansiedade severa, e depress\u00e3o. Por isso precisamos estar atentos sobre como estamos vivendo a nossa vida.<\/p>\n\n\n\n<p> Ficar extremamente focado em seguir padr\u00f5es de beleza podem tamb\u00e9m nos adoecer. Isso pode passar pela quest\u00e3o de valorizar mais a opini\u00e3o das outras pessoas, do que a pr\u00f3pria opini\u00e3o. E o extremo disso pode ser o buscar apagar o que \u00e9 pr\u00f3prio da pessoa, a sua individualidade pra alcan\u00e7ar isso.<\/p>\n\n\n\n<p> Aqui encontramos tamb\u00e9m a quest\u00e3o da autoestima baixa (que pode ser entendido como Auto=pr\u00f3prio; estima=valor; em n\u00edveis baixos). O valorizar-se pouco ou buscar por sempre si desvalorizar pode ser sinal de adoecimento e quando isso ocorre com muita frequ\u00eancia precisa ser levado para an\u00e1lise. <\/p>\n\n\n\n<h4 class=\"wp-block-heading\">Pra ajudar a refletir:<\/h4>\n\n\n\n<ul class=\"wp-block-list\">\n<li>Qual opini\u00e3o tem mais valor: A sua ou a das outras pessoas?<\/li>\n\n\n\n<li>Voc\u00ea faz mais as coisas por voc\u00ea mesmo ou por outras pessoas?<\/li>\n<\/ul>\n\n\n\n<p>  Existe um problema no excesso auto desvaloriza\u00e7\u00e3o, que dependendo da cultura pode ser visto como humildade ou altru\u00edsmo, \u00e9 o quanto isso pode desgastar a pessoa.<\/p>\n\n\n\n<p> Quando uma pessoa n\u00e3o cuida dela mesma, em algum momento, ela pode se desgastar muito e al\u00e9m de prejudicar a pr\u00f3pria sa\u00fade (inclusiva a mental) e por consequ\u00eancia n\u00e3o dar conta mais de ajudar as outras pessoas.<\/p>\n\n\n\n<p>O excesso pode ser insustent\u00e1vel, e pode acabar fazendo mal pra pr\u00f3pria pessoa. Por isso cabe rever como estamos vivendo, se o que fazemos \u00e9 algo saud\u00e1vel ou n\u00e3o, se temos buscado coisas que n\u00e3o fazem bem pra nossa sa\u00fade mental.<\/p>\n\n\n\n<ul class=\"wp-block-list\">\n<li>O que \u00e9 beleza pra mim, \u00e9 algo saud\u00e1vel?<\/li>\n\n\n\n<li>O caminho que eu fa\u00e7o para alcan\u00e7ar essa beleza \u00e9 um caminho saud\u00e1vel?<\/li>\n<\/ul>\n\n\n\n<figure class=\"wp-block-image size-large\"><img loading=\"lazy\" decoding=\"async\" width=\"1280\" height=\"720\" src=\"https:\/\/lucasdeoliveirapsi.com.br\/wp-content\/uploads\/2023\/08\/self-love-7200173_1280-edited.jpg\" alt=\"\" class=\"wp-image-1456\" srcset=\"https:\/\/lucasdeoliveirapsi.com.br\/wp-content\/uploads\/2023\/08\/self-love-7200173_1280-edited.jpg 1280w, https:\/\/lucasdeoliveirapsi.com.br\/wp-content\/uploads\/2023\/08\/self-love-7200173_1280-edited-300x169.jpg 300w, https:\/\/lucasdeoliveirapsi.com.br\/wp-content\/uploads\/2023\/08\/self-love-7200173_1280-edited-1024x576.jpg 1024w, https:\/\/lucasdeoliveirapsi.com.br\/wp-content\/uploads\/2023\/08\/self-love-7200173_1280-edited-768x432.jpg 768w, https:\/\/lucasdeoliveirapsi.com.br\/wp-content\/uploads\/2023\/08\/self-love-7200173_1280-edited-888x500.jpg 888w\" sizes=\"auto, (max-width: 1280px) 100vw, 1280px\" \/><figcaption class=\"wp-element-caption\">5<\/figcaption><\/figure>\n\n\n\n<h2 class=\"wp-block-heading has-background\" style=\"background-color:#c88eff\">Concluindo<\/h2>\n\n\n\n<p>  \u00c9 preciso ter consci\u00eancia sobre como estamos vivendo e como estamos nos comportando para conseguirmos viver a nossa viva por n\u00f3s mesmo.<\/p>\n\n\n\n<p> Precisamos de interagir com o mundo, com as outras pessoas, mas n\u00e3o \u00e9 saud\u00e1vel quando passamos a linha entre a conviv\u00eancia com as outras pessoas e o apagar a nossa personalidade, nossos desejos e sonhos. <\/p>\n\n\n\n<p> A sa\u00fade se encontra em buscar um equil\u00edbrio entre o viver em sociedade e o cuidar de n\u00f3s mesmos, nos respeitando.<\/p>\n\n\n\n<p>  Se voc\u00ea percebe que essas quest\u00f5es apresentadas sobre autoestima baixa, auto valoriza\u00e7\u00e3o, padr\u00f5es de beleza, entre outras;  s\u00e3o quest\u00f5es te afetam de alguma forma, te recomendo buscar a terapia.<\/p>\n\n\n\n<p>Precisando de ajuda pode <a href=\"https:\/\/lucasdeoliveirapsi.com.br\/index.php\/sobre\/\" target=\"_blank\" rel=\"noopener\" title=\"entrar em contato comigo\">entrar em contato comigo<\/a>.<\/p>\n\n\n\n<blockquote class=\"wp-block-quote is-layout-flow wp-block-quote-is-layout-flow\">\n<p>Confira tamb\u00e9m os artigos: <a href=\"https:\/\/lucasdeoliveirapsi.com.br\/index.php\/2023\/08\/18\/a-familia-pode-adoecer-junto\/\">A FAM\u00cdLIA PODE ADOECER JUNTO<\/a>; <a href=\"https:\/\/lucasdeoliveirapsi.com.br\/index.php\/2023\/06\/28\/envelhecer-nao-e-igual-a-adoecer\/\">ENVELHECER N\u00c3O \u00c9 IGUAL A ADOECER<\/a> e <a href=\"https:\/\/lucasdeoliveirapsi.com.br\/index.php\/2023\/06\/15\/a-cobranca-talvez-injusta\/\">A COBRAN\u00c7A TALVEZ INJUSTA<\/a>.<\/p>\n<\/blockquote>\n\n\n\n<h4 class=\"wp-block-heading has-pale-cyan-blue-background-color has-background\">Fontes<\/h4>\n\n\n\n<p>Imagens 1, 2 e a da capa &#8211; Geradas por Criador de Imagens IA Bing<\/p>\n\n\n\n<p>Imagem 3 &#8211; Imagem de&nbsp;<a href=\"https:\/\/pixabay.com\/pt\/users\/trudith-3117193\/?utm_source=link-attribution&amp;utm_medium=referral&amp;utm_campaign=image&amp;utm_content=4211837\">Trudi Finniss<\/a>&nbsp;por&nbsp;<a href=\"https:\/\/pixabay.com\/pt\/\/?utm_source=link-attribution&amp;utm_medium=referral&amp;utm_campaign=image&amp;utm_content=4211837\">Pixabay<\/a><\/p>\n\n\n\n<p>Imagem 4 &#8211; Imagem de&nbsp;<a href=\"https:\/\/pixabay.com\/pt\/users\/tumisu-148124\/?utm_source=link-attribution&amp;utm_medium=referral&amp;utm_campaign=image&amp;utm_content=3332122\">Tumisu<\/a>&nbsp;por&nbsp;<a href=\"https:\/\/pixabay.com\/pt\/\/?utm_source=link-attribution&amp;utm_medium=referral&amp;utm_campaign=image&amp;utm_content=3332122\">Pixabay<\/a><\/p>\n\n\n\n<p>Imagem 5 &#8211; Imagem de&nbsp;<a href=\"https:\/\/pixabay.com\/pt\/users\/geralt-9301\/?utm_source=link-attribution&amp;utm_medium=referral&amp;utm_campaign=image&amp;utm_content=7200173\">Gerd Altmann<\/a>&nbsp;por&nbsp;<a href=\"https:\/\/pixabay.com\/pt\/\/?utm_source=link-attribution&amp;utm_medium=referral&amp;utm_campaign=image&amp;utm_content=7200173\">Pixabay<\/a><\/p>\n\n\n<div style=\"font-size:25px;\" class=\"wp-block-post-author\"><div class=\"wp-block-post-author__avatar\"><img alt='' src='https:\/\/secure.gravatar.com\/avatar\/89695c79f01fabba49ffc4a941f02dc7940051bfae34e94fbde396de492c1ad1?s=48&#038;d=mm&#038;r=g' srcset='https:\/\/secure.gravatar.com\/avatar\/89695c79f01fabba49ffc4a941f02dc7940051bfae34e94fbde396de492c1ad1?s=96&#038;d=mm&#038;r=g 2x' class='avatar avatar-48 photo' height='48' width='48' \/><\/div><div class=\"wp-block-post-author__content\"><p class=\"wp-block-post-author__byline\">Psic\u00f3logo Clinico (CRP-04\/63762), Bacharel em Psicologia no Centro Universit\u00e1rio de Vi\u00e7osa e p\u00f3s-graduando em Psicossom\u00e1tica no IJEP \u2013 Instituto Junguiano de Ensino e Pesquisa<\/p><p class=\"wp-block-post-author__name\">Lucas<\/p><\/div><\/div>\n\n<div class=\"wp-block-image\">\n<figure class=\"aligncenter size-full is-resized\"><img loading=\"lazy\" decoding=\"async\" src=\"https:\/\/lucasdeoliveirapsi.com.br\/wp-content\/uploads\/2022\/04\/Comparilhe.png\" alt=\"\" class=\"wp-image-129\" width=\"846\" height=\"282\" srcset=\"https:\/\/lucasdeoliveirapsi.com.br\/wp-content\/uploads\/2022\/04\/Comparilhe.png 600w, https:\/\/lucasdeoliveirapsi.com.br\/wp-content\/uploads\/2022\/04\/Comparilhe-300x100.png 300w\" sizes=\"auto, (max-width: 846px) 100vw, 846px\" \/><\/figure>\n<\/div>","protected":false},"excerpt":{"rendered":"<p>Neste artigo falaremos sobre os padr\u00f5es de beleza, individualidade e sa\u00fade mental.<\/p>\n","protected":false},"author":1,"featured_media":1425,"comment_status":"open","ping_status":"open","sticky":false,"template":"","format":"standard","meta":{"om_disable_all_campaigns":false,"footnotes":""},"categories":[7],"tags":[13,14,10,9],"class_list":["post-1416","post","type-post","status-publish","format-standard","has-post-thumbnail","hentry","category-saude-mental","tag-psicologia","tag-psicoterapia","tag-saude","tag-saude-mental"],"aioseo_notices":[],"_links":{"self":[{"href":"https:\/\/lucasdeoliveirapsi.com.br\/index.php\/wp-json\/wp\/v2\/posts\/1416","targetHints":{"allow":["GET"]}}],"collection":[{"href":"https:\/\/lucasdeoliveirapsi.com.br\/index.php\/wp-json\/wp\/v2\/posts"}],"about":[{"href":"https:\/\/lucasdeoliveirapsi.com.br\/index.php\/wp-json\/wp\/v2\/types\/post"}],"author":[{"embeddable":true,"href":"https:\/\/lucasdeoliveirapsi.com.br\/index.php\/wp-json\/wp\/v2\/users\/1"}],"replies":[{"embeddable":true,"href":"https:\/\/lucasdeoliveirapsi.com.br\/index.php\/wp-json\/wp\/v2\/comments?post=1416"}],"version-history":[{"count":33,"href":"https:\/\/lucasdeoliveirapsi.com.br\/index.php\/wp-json\/wp\/v2\/posts\/1416\/revisions"}],"predecessor-version":[{"id":1462,"href":"https:\/\/lucasdeoliveirapsi.com.br\/index.php\/wp-json\/wp\/v2\/posts\/1416\/revisions\/1462"}],"wp:featuredmedia":[{"embeddable":true,"href":"https:\/\/lucasdeoliveirapsi.com.br\/index.php\/wp-json\/wp\/v2\/media\/1425"}],"wp:attachment":[{"href":"https:\/\/lucasdeoliveirapsi.com.br\/index.php\/wp-json\/wp\/v2\/media?parent=1416"}],"wp:term":[{"taxonomy":"category","embeddable":true,"href":"https:\/\/lucasdeoliveirapsi.com.br\/index.php\/wp-json\/wp\/v2\/categories?post=1416"},{"taxonomy":"post_tag","embeddable":true,"href":"https:\/\/lucasdeoliveirapsi.com.br\/index.php\/wp-json\/wp\/v2\/tags?post=1416"}],"curies":[{"name":"wp","href":"https:\/\/api.w.org\/{rel}","templated":true}]}}