{"id":1284,"date":"2023-06-15T15:48:48","date_gmt":"2023-06-15T18:48:48","guid":{"rendered":"https:\/\/lucasdeoliveirapsi.com.br\/?p=1284"},"modified":"2023-06-26T14:58:04","modified_gmt":"2023-06-26T17:58:04","slug":"a-cobranca-talvez-injusta","status":"publish","type":"post","link":"https:\/\/lucasdeoliveirapsi.com.br\/index.php\/2023\/06\/15\/a-cobranca-talvez-injusta\/","title":{"rendered":"A cobran\u00e7a talvez injusta"},"content":{"rendered":"\n<h2 class=\"wp-block-heading has-luminous-vivid-amber-background-color has-background\">Um convite para a refletir<\/h2>\n\n\n<div class=\"wp-block-image wp-duotone-rgb444444-ccc-1\">\n<figure class=\"alignright size-large is-resized\"><img loading=\"lazy\" decoding=\"async\" src=\"https:\/\/lucasdeoliveirapsi.com.br\/wp-content\/uploads\/2023\/06\/pexels-meruyert-gonullu-6034063-9-683x1024.jpg\" alt=\"\" class=\"wp-image-1299\" width=\"151\" height=\"226\" srcset=\"https:\/\/lucasdeoliveirapsi.com.br\/wp-content\/uploads\/2023\/06\/pexels-meruyert-gonullu-6034063-9-683x1024.jpg 683w, https:\/\/lucasdeoliveirapsi.com.br\/wp-content\/uploads\/2023\/06\/pexels-meruyert-gonullu-6034063-9-200x300.jpg 200w, https:\/\/lucasdeoliveirapsi.com.br\/wp-content\/uploads\/2023\/06\/pexels-meruyert-gonullu-6034063-9-768x1152.jpg 768w, https:\/\/lucasdeoliveirapsi.com.br\/wp-content\/uploads\/2023\/06\/pexels-meruyert-gonullu-6034063-9-1024x1536.jpg 1024w, https:\/\/lucasdeoliveirapsi.com.br\/wp-content\/uploads\/2023\/06\/pexels-meruyert-gonullu-6034063-9-1365x2048.jpg 1365w, https:\/\/lucasdeoliveirapsi.com.br\/wp-content\/uploads\/2023\/06\/pexels-meruyert-gonullu-6034063-9-scaled.jpg 1707w\" sizes=\"auto, (max-width: 151px) 100vw, 151px\" \/><figcaption class=\"wp-element-caption\">Foto de <a href=\"http:\/\/: https:\/\/www.pexels.com\/pt-br\/foto\/rapariga-em-desespero-6034063\/\" target=\"_blank\" rel=\"noopener\" title=\"Meruyert Gonullu\">Meruyert Gonullu<\/a><\/figcaption><\/figure>\n<\/div>\n\n\n<p> Primeiro, te convido a tentar imaginar uma cena, para assim te ajudar na reflex\u00e3o:<\/p>\n\n\n\n<p> Imagine uma criancinha com as m\u00e3o sobre a cabe\u00e7a como sinal de tentar si proteger de um broca, ela est\u00e1 sentada no canto assustada.<\/p>\n\n\n\n<p> E imagine ela mesma em vers\u00e3o adulta, de p\u00e9, diante de sua vers\u00e3o crian\u00e7a. A vers\u00e3o adulta briga com a crian\u00e7a.<\/p>\n\n\n\n<p> \u00c9 a adulta cobrando a\u00e7\u00f5es dela mesma crian\u00e7a. Exigindo de si no seu passado, cobrando a\u00e7\u00f5es que n\u00e3o foram pensadas e assim n\u00e3o foram feitas naquela \u00e9poca.<\/p>\n\n\n\n<p> Podemos trocar a vers\u00e3o crina\u00e7a por uma vers\u00e3o adolescente, ainda teria um sentido parecido.<\/p>\n\n\n\n<h4 class=\"wp-block-heading has-background\" style=\"background-color:#ffd86e\">Reflex\u00e3o<\/h4>\n\n\n\n<p> N\u00e3o precisamos viajar no tempo para podemos ter contato com o nosso passado. Podemos fazer isso por meio das nossas lembran\u00e7as, por meio do nosso pensamento. <\/p>\n\n\n<div class=\"wp-block-image wp-duotone-333-ccc-2\">\n<figure class=\"alignright size-large is-resized\"><img loading=\"lazy\" decoding=\"async\" src=\"https:\/\/lucasdeoliveirapsi.com.br\/wp-content\/uploads\/2023\/06\/pexels-johannes-plenio-1576848-1024x683.jpg\" alt=\"\" class=\"wp-image-1306\" width=\"343\" height=\"228\" srcset=\"https:\/\/lucasdeoliveirapsi.com.br\/wp-content\/uploads\/2023\/06\/pexels-johannes-plenio-1576848-1024x683.jpg 1024w, https:\/\/lucasdeoliveirapsi.com.br\/wp-content\/uploads\/2023\/06\/pexels-johannes-plenio-1576848-300x200.jpg 300w, https:\/\/lucasdeoliveirapsi.com.br\/wp-content\/uploads\/2023\/06\/pexels-johannes-plenio-1576848-768x512.jpg 768w, https:\/\/lucasdeoliveirapsi.com.br\/wp-content\/uploads\/2023\/06\/pexels-johannes-plenio-1576848-1536x1024.jpg 1536w, https:\/\/lucasdeoliveirapsi.com.br\/wp-content\/uploads\/2023\/06\/pexels-johannes-plenio-1576848-2048x1365.jpg 2048w\" sizes=\"auto, (max-width: 343px) 100vw, 343px\" \/><figcaption class=\"wp-element-caption\">Foto de <a href=\"https:\/\/www.pexels.com\/pt-br\/foto\/menina-em-camisa-sem-mangas-de-bolinhas-preto-e-branco-1576848\/\" target=\"_blank\" rel=\"noopener\" title=\"Johannes Plenio\">Johannes Plenio<\/a><\/figcaption><\/figure>\n<\/div>\n\n\n<p>Agora vamos pra reflex\u00e3o. Ser\u00e1 que agimos da mesma foma?<\/p>\n\n\n\n<p> Ser\u00e1 que n\u00f3s temos cobrado demais do nosso &#8220;eu do passado&#8221; (nossa vers\u00e3o do passado)?<\/p>\n\n\n\n<p> Se sim, ser\u00e1 que cobramos justamente das nossas faltas de a\u00e7\u00e3o no passado?<br> Ser\u00e1 que, naquela \u00e9poca n\u00f3s tinhamos condi\u00e7\u00f5es de pensar nessas formas de agir que hoje cobramos do nosso eu do passado (nossa vers\u00e3o do passado)?<\/p>\n\n\n\n<p> Como ser\u00e1 que estava a nossa cabe\u00e7a naquela \u00e9poca? Ser\u00e1 que ela tinha possibilidade f\u00e1cil de pensar da mesma forma que pensamos hoje?<br> Ou ser\u00e1 que estamos cobrando demais do nosso eu do passado?<\/p>\n\n\n\n<p> Essa cobran\u00e7a pode n\u00e3o ser justa. <\/p>\n\n\n\n<h4 class=\"wp-block-heading has-luminous-vivid-orange-background-color has-background\">Porque pode n\u00e3o ser justa essa cobran\u00e7a?<\/h4>\n\n\n\n<p> Ao considerar uma crian\u00e7a que n\u00e3o conhece todo o mundo, que ainda est\u00e1 em processo de aprendizado, e que assim pode n\u00e3o conseguir pensar da mesma forma que n\u00f3s quando adultos, n\u00e3o \u00e9 justo cobrar muito. <\/p>\n\n\n<div class=\"wp-block-image wp-duotone-333-ccc-3\">\n<figure class=\"alignleft size-large is-resized\"><img loading=\"lazy\" decoding=\"async\" src=\"https:\/\/lucasdeoliveirapsi.com.br\/wp-content\/uploads\/2023\/06\/hand-1923005_1280-1024x768.png\" alt=\"\" class=\"wp-image-1305\" width=\"282\" height=\"212\" srcset=\"https:\/\/lucasdeoliveirapsi.com.br\/wp-content\/uploads\/2023\/06\/hand-1923005_1280-1024x768.png 1024w, https:\/\/lucasdeoliveirapsi.com.br\/wp-content\/uploads\/2023\/06\/hand-1923005_1280-300x225.png 300w, https:\/\/lucasdeoliveirapsi.com.br\/wp-content\/uploads\/2023\/06\/hand-1923005_1280-768x576.png 768w, https:\/\/lucasdeoliveirapsi.com.br\/wp-content\/uploads\/2023\/06\/hand-1923005_1280-600x450.png 600w, https:\/\/lucasdeoliveirapsi.com.br\/wp-content\/uploads\/2023\/06\/hand-1923005_1280.png 1280w\" sizes=\"auto, (max-width: 282px) 100vw, 282px\" \/><figcaption class=\"wp-element-caption\">Image by <a href=\"https:\/\/pixabay.com\/users\/truthseeker08-2411480\/?utm_source=link-attribution&amp;utm_medium=referral&amp;utm_campaign=image&amp;utm_content=1923005\">truthseeker08<\/a> from <a href=\"https:\/\/pixabay.com\/\/?utm_source=link-attribution&amp;utm_medium=referral&amp;utm_campaign=image&amp;utm_content=1923005\">Pixabay<\/a><\/figcaption><\/figure>\n<\/div>\n\n\n<p> A gente naquela \u00e9poca, n\u00e3o tinhamos os mesmos conhecimentos de hoje, as mesmas experi\u00eancias que hoje nos ajudam a fazer escolhas mais acertivas, ou ter melhor no\u00e7\u00e3o daquilo que fazemos ou deixamos de fazer.<\/p>\n\n\n\n<p>Outro ponto \u00e9 pensar que talvez n\u00e3o teriamos condi\u00e7\u00f5es naquela \u00e9poca de pensar nas mesmas solu\u00e7\u00f5es que hoje pensamos. <br>Podemos mudar a partir do agora pro futuro, mas o passado nosso n\u00e3o tem como mudar.<\/p>\n\n\n\n<p>Muitas vezes exigimos demais do nosso passado, daquilo que aconteceu na nossa hist\u00f3ria e que n\u00e3o se pode mudar.<\/p>\n\n\n\n<p>E quando fixamos nosso pensamento nas coisas que fizemos no passado, coisas das quais nos arrependemos podemos nos adoecer. <\/p>\n\n\n\n<h4 class=\"wp-block-heading has-pale-cyan-blue-background-color has-background\">Concluindo<\/h4>\n\n\n<div class=\"wp-block-image\">\n<figure class=\"alignright size-large is-resized\"><img loading=\"lazy\" decoding=\"async\" src=\"https:\/\/lucasdeoliveirapsi.com.br\/wp-content\/uploads\/2023\/06\/pexels-august-de-richelieu-4260097-683x1024.jpg\" alt=\"\" class=\"wp-image-1300\" width=\"254\" height=\"380\" srcset=\"https:\/\/lucasdeoliveirapsi.com.br\/wp-content\/uploads\/2023\/06\/pexels-august-de-richelieu-4260097-683x1024.jpg 683w, https:\/\/lucasdeoliveirapsi.com.br\/wp-content\/uploads\/2023\/06\/pexels-august-de-richelieu-4260097-200x300.jpg 200w, https:\/\/lucasdeoliveirapsi.com.br\/wp-content\/uploads\/2023\/06\/pexels-august-de-richelieu-4260097-768x1151.jpg 768w, https:\/\/lucasdeoliveirapsi.com.br\/wp-content\/uploads\/2023\/06\/pexels-august-de-richelieu-4260097-1025x1536.jpg 1025w, https:\/\/lucasdeoliveirapsi.com.br\/wp-content\/uploads\/2023\/06\/pexels-august-de-richelieu-4260097-1367x2048.jpg 1367w, https:\/\/lucasdeoliveirapsi.com.br\/wp-content\/uploads\/2023\/06\/pexels-august-de-richelieu-4260097-scaled.jpg 1709w\" sizes=\"auto, (max-width: 254px) 100vw, 254px\" \/><figcaption class=\"wp-element-caption\">Foto de <a href=\"https:\/\/www.pexels.com\/pt-br\/foto\/pai-e-filho-se-abracando-4260097\/\" target=\"_blank\" rel=\"noopener\" title=\"August de Richelieu\">August de Richelieu<\/a><\/figcaption><\/figure>\n<\/div>\n\n\n<p> Esfor\u00e7ar em si cobrar demais do nosso eu do passado \u00e9 uma luta em v\u00e3o.<br> Agora, rever o passado buscar agir com resili\u00eancia \u00e9 uma a\u00e7\u00e3o frut\u00edfera.<\/p>\n\n\n\n<p> Pode at\u00e9 parecer clich\u00e9, mas viver em guerra consigo mesmo faz mal.   Nesse sentindo a sa\u00edda saud\u00e1vel seria a reconcilia\u00e7\u00e3o.<\/p>\n\n\n\n<p>Reconciliar com o nosso eu do passado e assim se cuidar.<\/p>\n\n\n\n<p>At\u00e9 porque n\u00f3s seremos a nossa pr\u00f3pria companhia por toda a nossa pr\u00f3pria vida.<\/p>\n\n\n\n<p>Esse processo de reconcilia com a gente mesmo n\u00e3o \u00e9 um processo f\u00e1cil. E nesses casos fazer uma acompanhamento psicol\u00f3gico tamb\u00e9m pode te ajudar.<\/p>\n\n\n\n<p>N\u00e3o tenha receio de procurar ajuda por medo de parecer fraco.<\/p>\n\n\n\n<p><em><strong>Buscar ajuda n\u00e3o \u00e9 sinal de fraqueza,\u00a0mas\u00a0de\u00a0for\u00e7a.<\/strong><\/em><\/p>\n\n\n<div style=\"font-size:25px;\" class=\"wp-block-post-author\"><div class=\"wp-block-post-author__avatar\"><img alt='' src='https:\/\/secure.gravatar.com\/avatar\/89695c79f01fabba49ffc4a941f02dc7940051bfae34e94fbde396de492c1ad1?s=48&#038;d=mm&#038;r=g' srcset='https:\/\/secure.gravatar.com\/avatar\/89695c79f01fabba49ffc4a941f02dc7940051bfae34e94fbde396de492c1ad1?s=96&#038;d=mm&#038;r=g 2x' class='avatar avatar-48 photo' height='48' width='48' \/><\/div><div class=\"wp-block-post-author__content\"><p class=\"wp-block-post-author__byline\">Psic\u00f3logo Clinico (CRP-04\/63762), Bacharel em Psicologia no Centro Universit\u00e1rio de Vi\u00e7osa e p\u00f3s-graduando em Psicossom\u00e1tica no IJEP \u2013 Instituto Junguiano de Ensino e Pesquisa<\/p><p class=\"wp-block-post-author__name\">Lucas<\/p><\/div><\/div>\n\n\n<blockquote class=\"wp-block-quote is-layout-flow wp-block-quote-is-layout-flow\">\n<p>Confira tamb\u00e9m os artigos:<em> <a href=\"https:\/\/lucasdeoliveirapsi.com.br\/index.php\/2023\/02\/28\/metodos-paliativos-importancia-psicologica-no-dia-a-dia\/\" target=\"_blank\" rel=\"noopener\" title=\"Medidas de al\u00edvio de sofrimentos\">Medidas de al\u00edvio de sofrimentos<\/a><\/em>; <em><a href=\"https:\/\/lucasdeoliveirapsi.com.br\/index.php\/2023\/03\/02\/o-nosso-corpo-nao-e-so-partes\/\" target=\"_blank\" rel=\"noopener\" title=\"O nosso corpo n\u00e3o \u00e9 s\u00f3 partes\">O nosso corpo n\u00e3o \u00e9 s\u00f3 partes<\/a><\/em>.<\/p>\n<\/blockquote>\n\n\n<div class=\"wp-block-image\">\n<figure class=\"aligncenter size-full is-resized\"><img loading=\"lazy\" decoding=\"async\" src=\"https:\/\/lucasdeoliveirapsi.com.br\/wp-content\/uploads\/2022\/04\/Comparilhe.png\" alt=\"\" class=\"wp-image-129\" width=\"920\" height=\"307\" srcset=\"https:\/\/lucasdeoliveirapsi.com.br\/wp-content\/uploads\/2022\/04\/Comparilhe.png 600w, https:\/\/lucasdeoliveirapsi.com.br\/wp-content\/uploads\/2022\/04\/Comparilhe-300x100.png 300w\" sizes=\"auto, (max-width: 920px) 100vw, 920px\" \/><\/figure>\n<\/div>","protected":false},"excerpt":{"rendered":"<p>Um convite para a refletir Primeiro, te convido a tentar imaginar uma cena, para assim te ajudar na reflex\u00e3o: Imagine uma criancinha com as m\u00e3o &#8230;. <\/p>\n","protected":false},"author":1,"featured_media":1323,"comment_status":"open","ping_status":"open","sticky":false,"template":"","format":"standard","meta":{"om_disable_all_campaigns":false,"footnotes":""},"categories":[7],"tags":[58,56,13,14,9],"class_list":["post-1284","post","type-post","status-publish","format-standard","has-post-thumbnail","hentry","category-saude-mental","tag-crianca","tag-desenvolvimento","tag-psicologia","tag-psicoterapia","tag-saude-mental"],"aioseo_notices":[],"_links":{"self":[{"href":"https:\/\/lucasdeoliveirapsi.com.br\/index.php\/wp-json\/wp\/v2\/posts\/1284","targetHints":{"allow":["GET"]}}],"collection":[{"href":"https:\/\/lucasdeoliveirapsi.com.br\/index.php\/wp-json\/wp\/v2\/posts"}],"about":[{"href":"https:\/\/lucasdeoliveirapsi.com.br\/index.php\/wp-json\/wp\/v2\/types\/post"}],"author":[{"embeddable":true,"href":"https:\/\/lucasdeoliveirapsi.com.br\/index.php\/wp-json\/wp\/v2\/users\/1"}],"replies":[{"embeddable":true,"href":"https:\/\/lucasdeoliveirapsi.com.br\/index.php\/wp-json\/wp\/v2\/comments?post=1284"}],"version-history":[{"count":13,"href":"https:\/\/lucasdeoliveirapsi.com.br\/index.php\/wp-json\/wp\/v2\/posts\/1284\/revisions"}],"predecessor-version":[{"id":1344,"href":"https:\/\/lucasdeoliveirapsi.com.br\/index.php\/wp-json\/wp\/v2\/posts\/1284\/revisions\/1344"}],"wp:featuredmedia":[{"embeddable":true,"href":"https:\/\/lucasdeoliveirapsi.com.br\/index.php\/wp-json\/wp\/v2\/media\/1323"}],"wp:attachment":[{"href":"https:\/\/lucasdeoliveirapsi.com.br\/index.php\/wp-json\/wp\/v2\/media?parent=1284"}],"wp:term":[{"taxonomy":"category","embeddable":true,"href":"https:\/\/lucasdeoliveirapsi.com.br\/index.php\/wp-json\/wp\/v2\/categories?post=1284"},{"taxonomy":"post_tag","embeddable":true,"href":"https:\/\/lucasdeoliveirapsi.com.br\/index.php\/wp-json\/wp\/v2\/tags?post=1284"}],"curies":[{"name":"wp","href":"https:\/\/api.w.org\/{rel}","templated":true}]}}