{"id":128,"date":"2022-04-12T22:17:36","date_gmt":"2022-04-13T01:17:36","guid":{"rendered":"https:\/\/lucasdeoliveirapsi.com.br\/?p=128"},"modified":"2023-06-27T13:06:48","modified_gmt":"2023-06-27T16:06:48","slug":"nem-todo-desenho-animado-e-infantil","status":"publish","type":"post","link":"https:\/\/lucasdeoliveirapsi.com.br\/index.php\/2022\/04\/12\/nem-todo-desenho-animado-e-infantil\/","title":{"rendered":"Desenho pode n\u00e3o ser infantil?"},"content":{"rendered":"\n<h2 class=\"wp-block-heading has-luminous-vivid-amber-background-color has-background\">Nem todos desenho animado \u00e9 infantil?<\/h2>\n\n\n<div class=\"wp-block-image\">\n<figure class=\"alignleft size-full\"><img loading=\"lazy\" decoding=\"async\" width=\"282\" height=\"191\" src=\"https:\/\/lucasdeoliveirapsi.com.br\/wp-content\/uploads\/2022\/05\/08-classificacao-indicativa.png\" alt=\"\" class=\"wp-image-632\"\/><\/figure>\n<\/div>\n\n\n<p> <font style=\"vertical-align: inherit;\"><font style=\"vertical-align: inherit;\">Pois \u00e9, nem todo desenho animado \u00e9 infantil. <\/font><\/font><\/p>\n\n\n\n<p> <font style=\"vertical-align: inherit;\"><font style=\"vertical-align: inherit;\">A confus\u00e3o pode acontecer porque aqui no Brasil a maior parte dos desenhos animados s\u00e3o direcionados ao p\u00fablico infantil.<\/font><\/font><\/p>\n\n\n\n<p><font style=\"vertical-align: inherit;\"><font style=\"vertical-align: inherit;\">Mas em outros pa\u00edses, como no Jap\u00e3o, essa vis\u00e3o sobre os desenhos animados \u00e9 diferente, eles\u00a0 t\u00eam os <\/font><\/font><a href=\"https:\/\/www.google.com\/search?q=o+que+%C3%A9+anime&amp;rlz=1C1GCEA_enBR968BR968&amp;sxsrf=APq-WBvSnZCjKohA2Z2FkRK8B6FfZBi9PA%3A1649812192267&amp;ei=4CJWYtrwD7341sQPzPma-AU&amp;ved=0ahUKEwja4Kmt7Y_3AhU9vJUCHcy8Bl8Q4dUDCA4&amp;uact=5&amp;oq=o+que+%C3%A9+anime&amp;gs_lcp=Cgdnd3Mtd2l6EAMyBQgAEIAEMgUIABCABDIFCAAQgAQyBQgAEIAEMgUIABCABDIFCAAQgAQyBQgAEIAEMgUIABCABDIFCAAQgAQyBQgAEIAEOgcIABBHELADOgcIABCwAxBDOgoIABDkAhCwAxgBOg8ILhDUAhDIAxCwAxBDGAI6EgguEMcBENEDEMgDELADEEMYAjoMCC4QyAMQsAMQQxgCOgQIIxAnOgYIIxAnEBM6BwguENQCEEM6EQguEIAEELEDEIMBEMcBENEDOgsIABCABBCxAxCDAToICC4QsQMQgwE6BAguECc6BAgAEEM6BAguEEM6CAgAEIAEELEDOggILhCABBCxA0oECEEYAEoECEYYAVCGKFiESGDPSWgFcAF4AIABowKIAb4PkgEGMC4xMi4xmAEAoAEByAETwAEB2gEGCAEQARgJ2gEGCAIQARgI&amp;sclient=gws-wiz\" target=\"_blank\" rel=\"noreferrer noopener\"><font style=\"vertical-align: inherit;\"><font style=\"vertical-align: inherit;\">desenhos<\/font><\/font><\/a><font style=\"vertical-align: inherit;\"><font style=\"vertical-align: inherit;\"> animados  que s\u00e3o para v\u00e1rias faixas et\u00e1rias.<\/font><\/font><\/p>\n\n\n\n<p>\u00a0O desenho animado, tamb\u00e9m chamado de anima\u00e7\u00e3o, \u00e9 uma ferramenta mais pr\u00e1tica para contar hist\u00f3rias e est\u00f3rias com gasto de menos recurso do que se fossem feitas com pessoas reais, o que iria demandar muito mais m\u00e3o de obra e efeitos especiais, logo o gasto seria tremendo.<\/p>\n\n\n\n<p> Sendo assim o uso de desenhos sejam em\u00a0<a href=\"https:\/\/www.google.com\/search?q=2D&amp;rlz=1C1GCEA_enBR968BR968&amp;sxsrf=APq-WBt5locgHIIOJXAKYi_rWFzh3RptJw%3A1649812210257&amp;ei=8iJWYsmeD82Z1sQPwfOA-Ao&amp;ved=0ahUKEwjJ3_O17Y_3AhXNjJUCHcE5AK8Q4dUDCA4&amp;uact=5&amp;oq=2D&amp;gs_lcp=Cgdnd3Mtd2l6EAMyBwgAELEDEEMyCgguELEDENQCEEMyBAgAEEMyCwgAEIAEELEDEIMBMgUIABCABDIECAAQQzILCC4QgAQQxwEQrwEyCwguEIAEEMcBEK8BMgsILhCABBDHARCvATIICAAQgAQQsQM6BwgAEEcQsAM6BwgAELADEEM6CggAEOQCELADGAE6DwguENQCEMgDELADEEMYAjoHCCMQ6gIQJzoNCC4QxwEQ0QMQ6gIQJzoGCCMQJxATOgUILhCABDoICAAQsQMQgwFKBAhBGABKBAhGGAFQhRZY6ipg5C9oBHABeASAAeUBiAHnEJIBBjAuMTQuMpgBAKABAbABCsgBE8ABAdoBBggBEAEYCdoBBggCEAEYCA&amp;sclient=gws-wiz\" target=\"_blank\" rel=\"noreferrer noopener\">2D\u00a0<\/a>(que possuem duas dimens\u00f5es, mais pr\u00f3ximo do desenho feito no papel) ou em\u00a0<a href=\"https:\/\/www.google.com\/search?q=3D&amp;rlz=1C1GCEA_enBR968BR968&amp;sxsrf=APq-WBvelEJOd3Ow9sPGP7tREKfk1flv7A%3A1649812264547&amp;ei=KCNWYun2IKbM1sQPxfCTwAM&amp;ved=0ahUKEwjpquXP7Y_3AhUmppUCHUX4BDgQ4dUDCA4&amp;uact=5&amp;oq=3D&amp;gs_lcp=Cgdnd3Mtd2l6EAMyCwgAEIAEELEDEIMBMgoIABCxAxCDARBDMgQIABBDMgQIABBDMggIABCABBCxAzIECAAQQzIICAAQgAQQsQMyCAgAEIAEELEDMgsIABCABBCxAxCDATILCAAQgAQQsQMQgwE6BwgAELADEEM6DggAEIAEELEDEIMBELADOgoIABDkAhCwAxgBOhIILhCxAxCDARDIAxCwAxBDGAI6DAguEMgDELADEEMYAjoECCMQJzoFCAAQgAQ6EQguEIAEELEDEIMBEMcBENEDOggIABCxAxCDAUoECEEYAUoECEYYAVC-BVjfCGDxEGgBcAB4AIABe4gB8AGSAQMwLjKYAQCgAQHIARPAAQHaAQYIARABGAnaAQYIAhABGAg&amp;sclient=gws-wiz\" target=\"_blank\" rel=\"noreferrer noopener\">3D\u00a0<\/a>(que possuem 3 dimens\u00f5es).<\/p>\n\n\n\n<p>&nbsp;As anima\u00e7\u00f5es podem variar de classifica\u00e7\u00e3o indicativa, assim como s\u00e9ries, filmes, jogos e programas de tv.<\/p>\n\n\n\n<p>Segundo o Minist\u00e9rio da justi\u00e7a e seguran\u00e7a p\u00fablica:<\/p>\n\n\n\n<blockquote class=\"wp-block-quote is-style-plain is-layout-flow wp-block-quote-is-layout-flow\">\n<p>A Classifica\u00e7\u00e3o Indicativa &#8211; ClassInd &#8211; \u00e9 uma informa\u00e7\u00e3o prestada \u00e0s fam\u00edlias sobre a faixa et\u00e1ria para a qual obras audiovisuais n\u00e3o se recomendam. S\u00e3o classificados produtos para televis\u00e3o, mercado de cinema e v\u00eddeo, jogos eletr\u00f4nicos, aplicativos e jogos de interpreta\u00e7\u00e3o (RPG).<\/p>\n<\/blockquote>\n\n\n\n<blockquote class=\"wp-block-quote is-style-plain is-layout-flow wp-block-quote-is-layout-flow\">\n<p>A ClassInd n\u00e3o substitui o cuidado dos pais &#8211; \u00e9 fundamentalmente uma ferramenta que pode ser usada por eles. Por isso recomendamos que os pais e respons\u00e1veis assistam e conversem com os filhos sobre os conte\u00fados e temas abordados na m\u00eddia.<\/p>\n<\/blockquote>\n\n\n\n<p>&nbsp;Ent\u00e3o ela serve pra ajudar \u00e0s fam\u00edlias a entender quais conte\u00fados aparecem naquele programa, desenho ou jogo espec\u00edfico, sendo essa classifica\u00e7\u00e3o uma sugest\u00e3o e que a responsabilidade sobre o que a crian\u00e7a deve ou n\u00e3o assistir, ou ter acesso, continua sendo da fam\u00edlia.<\/p>\n\n\n\n<p><a href=\"https:\/\/www.blogger.com\/blog\/post\/edit\/9074918796586167093\/5181132025476953097#\"><\/a><strong>Fonte: Classind &#8211; Guia Pr\u00e1tico de Audiovisual 3\u00aa ed.pdf<\/strong><\/p>\n\n\n\n<h4 class=\"wp-block-heading has-light-green-cyan-background-color has-background\">E como funciona a Classifica\u00e7\u00e3o indicativa?<\/h4>\n\n\n\n<p>\u00a0No\u00a0documento Guia Pr\u00e1tico de Classifica\u00e7\u00e3o Indicativa &#8211; 4\u00aa Edi\u00e7\u00e3o, 2021, os crit\u00e9rios s\u00e3o apresentados da seguinte forma:<\/p>\n\n\n<div class=\"wp-block-image\">\n<figure class=\"alignright size-full\"><img loading=\"lazy\" decoding=\"async\" width=\"216\" height=\"311\" src=\"https:\/\/lucasdeoliveirapsi.com.br\/wp-content\/uploads\/2023\/01\/44a75776-0ee0-414e-9130-37feb23a4778.jpeg\" alt=\"\" class=\"wp-image-1156\" srcset=\"https:\/\/lucasdeoliveirapsi.com.br\/wp-content\/uploads\/2023\/01\/44a75776-0ee0-414e-9130-37feb23a4778.jpeg 216w, https:\/\/lucasdeoliveirapsi.com.br\/wp-content\/uploads\/2023\/01\/44a75776-0ee0-414e-9130-37feb23a4778-208x300.jpeg 208w\" sizes=\"auto, (max-width: 216px) 100vw, 216px\" \/><\/figure>\n<\/div>\n\n\n<p> <em>\u00c9 importante esclarecer que obras audiovisuais s\u00e3o analisadas levando-<br>-se em considera\u00e7\u00e3o tr\u00eas eixos tem\u00e1ticos distintos: \u201csexo e nudez\u201d, \u201cdrogas\u201d e \u201cviol\u00eancia\u201d, al\u00e9m da mensura\u00e7\u00e3o das fases descritiva e contextual dos conte\u00fados identificados.<\/em><\/p>\n\n\n\n<p><em> A an\u00e1lise de uma obra \u00e9 feita como um todo e n\u00e3o somente por partes isoladas.<\/em><\/p>\n\n\n\n<p> <em>Por exemplo, no caso de obras seriadas, a classifica\u00e7\u00e3o et\u00e1ria ser\u00e1 atribu\u00edda ao conjunto de epis\u00f3dios, levando-se em considera\u00e7\u00e3o as particularidades, a incid\u00eancia, a relev\u00e2ncia, a composi\u00e7\u00e3o de cena das tend\u00eancias de indica\u00e7\u00e3o apresentadas, al\u00e9m de outras caracter\u00edsticas espec\u00edficas presentes neste guia.<\/em><\/p>\n\n\n\n<p> <em>Ainda assim, ressalta-se que \u00e9 poss\u00edvel que a apresenta\u00e7\u00e3o de um determinado tipo de conte\u00fado seja suficiente para sustentar a classifica\u00e7\u00e3o de todo o restante do conjunto.<\/em><\/p>\n\n\n\n<p> <em>Os elementos denominados atenuantes e agravantes podem suavizar ou potencializar o impacto das tend\u00eancias de indica\u00e7\u00e3o, de modo a diminuir ou aumentar a faixa et\u00e1ria a que n\u00e3o se recomendam as obras.<\/em><\/p>\n\n\n\n<p><em> Cabe ressaltar, ainda, que os crit\u00e9rios que respaldam a pol\u00edtica p\u00fablica da Classifica\u00e7\u00e3o Indicativa s\u00e3o objetivos e n\u00e3o h\u00e1 interfer\u00eancias de abordagens particularizadas de cada espectador, o que tornaria a aplica\u00e7\u00e3o de uma determinada faixa et\u00e1ria impratic\u00e1vel. <\/em><\/p>\n\n\n\n<p><em> Entende-se que o trabalho realizado pela Classifica\u00e7\u00e3o Indicativa n\u00e3o restringe nenhum conte\u00fado de ser veiculado (censura), tampouco \u00e9 de ordem qualitativa, sem a presen\u00e7a de ju\u00edzo de valor.<\/em><\/p>\n\n\n\n<p><em>\u00a0Deve-se observar que est\u00e1 previsto no Manual da Nova Classifica\u00e7\u00e3o Indicativa a influ\u00eancia de indicadores que podem atenuar ou agravar as tend\u00eancias de indica\u00e7\u00e3o presentes na obra audiovisual, em especial, as que versam sobre a relev\u00e2ncia do conte\u00fado classific\u00e1vel para a compreens\u00e3o da trama, a frequ\u00eancia de exibi\u00e7\u00e3o e o modo como a cena foi apresentada (a chamada composi\u00e7\u00e3o de cena, ou mise-en-sc\u00e8ne, levando-se em considera\u00e7\u00e3o enquadramento, recursos de edi\u00e7\u00e3o, efeitos especiais, sonoriza\u00e7\u00e3o, comportamento dos personagens, etc.).\u00a0<\/em><\/p>\n\n\n\n<p>\u00a0<em>\u00c9 importante ressaltar que a objetiva\u00e7\u00e3o desses indicadores se apresenta como um dos grandes avan\u00e7os da pol\u00edtica p\u00fablica de Classifica\u00e7\u00e3o Indicativa, por ser a instrumentaliza\u00e7\u00e3o de um processo democr\u00e1tico, baseado em fatores t\u00e9cnicos que, com intensa participa\u00e7\u00e3o social e transpar\u00eancia, resultaram em uma ferramenta para a defesa dos direitos das crian\u00e7as e dos adolescentes.\u00a0<\/em><\/p>\n\n\n\n<blockquote class=\"wp-block-quote is-layout-flow wp-block-quote-is-layout-flow\">\n<p>\u00a0O Minist\u00e9rio da justi\u00e7a e da seguran\u00e7a tem uma p\u00e1gina dedicada a esse tema com essas e muitas outras informa\u00e7\u00f5es, vale a pena conferir em: <a href=\"https:\/\/www.gov.br\/mj\/pt-br\/assuntos\/seus-direitos\/classificacao-1\" target=\"_blank\" rel=\"noopener\" title=\"\"><em>https:\/\/www.gov.br\/mj\/pt-br\/assuntos\/seus-direitos\/classificacao-1<\/em><\/a><\/p>\n<\/blockquote>\n\n\n\n<h5 class=\"wp-block-heading has-light-green-cyan-background-color has-background\"><em>Ent\u00e3o&#8230;<\/em><\/h5>\n\n\n\n<p> Essa classifica\u00e7\u00e3o varia por causa do conte\u00fado que pode ser encontrado no programa de tv, no jogo, no desenho animado.<\/p>\n\n\n\n<p> Com o desenvolvimento cognitivo da crian\u00e7a, com as experi\u00eancias vividas forma saud\u00e1vel na escola, em casa e em outros ambientes, a crian\u00e7a vai dando conta de entender os conte\u00fados e separar a fic\u00e7\u00e3o da realidade.<\/p>\n\n\n\n<p> As idades que s\u00e3o definidas para a classifica\u00e7\u00e3o s\u00e3o baseadas nas informa\u00e7\u00f5es obtidas por estudos feitos ao longo da hist\u00f3ria, mas podem ser mudadas. Lembrando que s\u00e3o recomenda\u00e7\u00f5es e n\u00e3o imposi\u00e7\u00f5es, respeitando os direitos e deveres dos pais e respons\u00e1veis por menores de idade.<\/p>\n\n\n\n<figure class=\"wp-block-image size-large\"><img loading=\"lazy\" decoding=\"async\" width=\"3500\" height=\"1969\" src=\"https:\/\/lucasdeoliveirapsi.com.br\/wp-content\/uploads\/2022\/05\/classificacao-10-anos-logo-edited.png\" alt=\"\" class=\"wp-image-636\" srcset=\"https:\/\/lucasdeoliveirapsi.com.br\/wp-content\/uploads\/2022\/05\/classificacao-10-anos-logo-edited.png 3500w, https:\/\/lucasdeoliveirapsi.com.br\/wp-content\/uploads\/2022\/05\/classificacao-10-anos-logo-edited-300x169.png 300w, https:\/\/lucasdeoliveirapsi.com.br\/wp-content\/uploads\/2022\/05\/classificacao-10-anos-logo-edited-1024x576.png 1024w, https:\/\/lucasdeoliveirapsi.com.br\/wp-content\/uploads\/2022\/05\/classificacao-10-anos-logo-edited-768x432.png 768w, https:\/\/lucasdeoliveirapsi.com.br\/wp-content\/uploads\/2022\/05\/classificacao-10-anos-logo-edited-1536x864.png 1536w, https:\/\/lucasdeoliveirapsi.com.br\/wp-content\/uploads\/2022\/05\/classificacao-10-anos-logo-edited-2048x1152.png 2048w\" sizes=\"auto, (max-width: 3500px) 100vw, 3500px\" \/><\/figure>\n\n\n\n<h3 class=\"wp-block-heading has-luminous-vivid-amber-background-color has-background\">Agora fica uma lista de algumas anima\u00e7\u00f5es que n\u00e3o s\u00e3o para crian\u00e7as:<\/h3>\n\n\n\n<p><a href=\"https:\/\/www.blogger.com\/blog\/post\/edit\/9074918796586167093\/5181132025476953097#\"><\/a><\/p>\n\n\n\n<h4 class=\"wp-block-heading has-text-color has-background\" style=\"color:#f58220;background-color:#f58220\"><a href=\"https:\/\/www.google.com\/search?q=Os+Simpsons&amp;rlz=1C1GCEA_enBR968BR968&amp;sxsrf=ALiCzsZ2MXCow2WTLwchhZiNrjM-tTT3Dg%3A1654027655042&amp;ei=h3WWYueVAsWT5OUP95mL8A4&amp;ved=0ahUKEwin9c6WxYr4AhXFCbkGHffMAu4Q4dUDCA4&amp;oq=Os+Simpsons&amp;gs_lcp=Cgdnd3Mtd2l6EAwyCgguELEDEIMBEEMyBAgAEEMyCggAELEDEIMBEEMyBAgAEEMyBAgAEEMyBQguEIAEMgQIABBDMgUIABCABDIFCAAQgAQyCwgAEIAEELEDEIMBOgcIABBHELADOgcIABCwAxBDOgoIABDkAhCwAxgBOgwILhDIAxCwAxBDGAI6DwguENQCEMgDELADEEMYAkoECEEYAEoECEYYAVDvDVjvDWCzFWgDcAF4AIABhAGIAYQBkgEDMC4xmAEAoAECoAEByAETwAEB2gEGCAEQARgJ2gEGCAIQARgI&amp;sclient=gws-wiz\" target=\"_blank\" rel=\"noreferrer noopener\" title=\"Os Simpsons\">Os Simpsons<\/a><\/h4>\n\n\n\n<div class=\"wp-block-media-text alignwide is-stacked-on-mobile\" style=\"grid-template-columns:26% auto\"><figure class=\"wp-block-media-text__media\"><img decoding=\"async\" src=\"https:\/\/1.bp.blogspot.com\/-Ixdkt_sy2Js\/YU1v-BbZM_I\/AAAAAAAAALg\/Xz291yPN-X4RU6o6Dhx-oSoTyDevJR0MwCLcBGAsYHQ\/s320\/2019-08-07_1.png\" alt=\"\"\/><\/figure><div class=\"wp-block-media-text__content\">\n<p><strong><u>Classifica\u00e7\u00e3o: +14 anos (de acordo com a&nbsp;Star+)<\/u><\/strong><\/p>\n\n\n\n<p style=\"font-size:18px\">\u00a0Esta com\u00e9dia animada de enorme sucesso gira em torno da fam\u00edlia de mesmo nome que mora na cidade de Springfield, em um estado americano sem nome.<\/p>\n\n\n\n<p style=\"font-size:18px\"> O pai, Homer, n\u00e3o \u00e9 um t\u00edpico homem de fam\u00edlia. Empregado de uma usina nuclear, ele faz o melhor para comandar sua fam\u00edlia, mas frequentemente se v\u00ea comandado.<\/p>\n\n\n\n<p style=\"font-size:18px\"> A fam\u00edlia inclui ainda a carinhosa m\u00e3e de cabelo azul Marge, o filho encrenqueiro Bart, a talentosa filha Lisa e a beb\u00ea Maggie.<\/p>\n\n\n\n<p style=\"font-size:18px\"> Outros moradores de Springfield incluem o vizinho religioso da fam\u00edlia, Ned Flanders, o m\u00e9dico, Dr. Hibbert, o bartender Moe e o chefe de pol\u00edcia Clancy Wiggum.\u00a0Google.<\/p>\n<\/div><\/div>\n\n\n\n<p><\/p>\n\n\n\n<p><a href=\"https:\/\/www.blogger.com\/blog\/post\/edit\/9074918796586167093\/5181132025476953097#\"><\/a><\/p>\n\n\n\n<h4 class=\"wp-block-heading has-background\" style=\"background-color:#ec1d25\"><a href=\"https:\/\/www.google.com\/search?q=Rick+%26+Morty&amp;rlz=1C1GCEA_enBR968BR968&amp;sxsrf=ALiCzsYfpyYtYWEWno0D5Hqps-OIHdavKA%3A1654027626198&amp;ei=anWWYq7aC5yJ5OUP9ZytgAQ&amp;ved=0ahUKEwiut-6IxYr4AhWcBLkGHXVOC0AQ4dUDCA4&amp;oq=Rick+%26+Morty&amp;gs_lcp=Cgdnd3Mtd2l6EAwyCgguELEDEIMBEEMyBAgAEAoyBAgAEEMyCgguELEDEIMBEAoyBAgAEAoyBAgAEEMyBwguENQCEEMyBAgAEAoyBAgAEAoyBAgAEAo6BwgAEEcQsANKBAhBGABKBAhGGABQww1Yww1g7xtoA3ABeACAAYMBiAGDAZIBAzAuMZgBAKABAqABAcgBCMABAQ&amp;sclient=gws-wiz\" target=\"_blank\" rel=\"noreferrer noopener\" title=\"Rick &amp; Morty\">Rick &amp; Morty<\/a><\/h4>\n\n\n\n<div class=\"wp-block-media-text alignwide has-media-on-the-right is-stacked-on-mobile\" style=\"grid-template-columns:auto 26%\"><div class=\"wp-block-media-text__content\">\n<p><strong><u>Classifica\u00e7\u00e3o: +16 anos (de acordo com a&nbsp;Netflix)<\/u><\/strong><\/p>\n\n\n\n<p style=\"font-size:18px\">&nbsp;Acompanhe malucas viagens no tempo-espa\u00e7o e por universos paralelos com Rick, um cientista com problemas com a bebida, e seu neto Morty, um adolescente n\u00e3o t\u00e3o brilhante quanto o av\u00f4.&nbsp;Google.<\/p>\n<\/div><figure class=\"wp-block-media-text__media\"><img decoding=\"async\" src=\"https:\/\/1.bp.blogspot.com\/-iKOx0LWbC8w\/YU1xqg8JEXI\/AAAAAAAAALo\/-SOB3u__fjcq9XvrXYkOUVUskg6xPPjiwCLcBGAsYHQ\/s320\/images.jpg\" alt=\"\"\/><\/figure><\/div>\n\n\n\n<p><\/p>\n\n\n\n<p><\/p>\n\n\n\n<p><\/p>\n\n\n\n<p><\/p>\n\n\n\n<h4 class=\"wp-block-heading has-background\" style=\"background-color:#f58220\"><a href=\"https:\/\/www.google.com\/search?q=Mr.+Pickles&amp;rlz=1C1GCEA_enBR968BR968&amp;sxsrf=ALiCzsbfNG5t4rZhUSNX0r5cHXXb9wCBCw%3A1654027593267&amp;ei=SXWWYs34D_a35OUP6JCawAE&amp;ved=0ahUKEwiNwZT5xIr4AhX2G7kGHWiIBhgQ4dUDCA4&amp;oq=Mr.+Pickles&amp;gs_lcp=Cgdnd3Mtd2l6EAwyBQguEIAEMgUIABCABDIFCAAQgAQyBQgAEIAEMgUIABCABDIFCAAQgAQyBQgAEIAEOgcIABBHELADOgcIABCwAxBDOgoIABDkAhCwAxgBOgwILhDIAxCwAxBDGAJKBAhBGABKBAhGGAFQgRdYgRdgoCRoBXABeACAAYkBiAGJAZIBAzAuMZgBAKABAqABAcgBEcABAdoBBggBEAEYCdoBBggCEAEYCA&amp;sclient=gws-wiz\" target=\"_blank\" rel=\"noreferrer noopener\" title=\"Mr. Pickles\">Mr. Pickles<\/a><\/h4>\n\n\n\n<div class=\"wp-block-media-text alignwide is-stacked-on-mobile\" style=\"grid-template-columns:26% auto\"><figure class=\"wp-block-media-text__media\"><img decoding=\"async\" src=\"https:\/\/1.bp.blogspot.com\/-aLzyYIR_00o\/YU1ze_5vstI\/AAAAAAAAALw\/P281ESX0m1Qv7hG_MDRxC2yokOtHbXGHwCLcBGAsYHQ\/s320\/MV5BYWM0NTFmNTAtNjY4MS00NjAxLThmZWYtMTIzMDE5ZTNlZDdhXkEyXkFqcGdeQXVyNTAyODkwOQ%2540%2540._V1_.jpg\" alt=\"\"\/><\/figure><div class=\"wp-block-media-text__content\">\n<p><strong><u>Classifica\u00e7\u00e3o: +14 anos (de acordo com o HBOmax)<\/u><\/strong><\/p>\n\n\n\n<p style=\"font-size:18px\">Conhe\u00e7a Mr. Pickles, um c\u00e3o brincalh\u00e3o, que se diverte arrancando v\u00edsceras humanas ou arrancando couros cabeludos sem parar de balan\u00e7ar o rabo. Afinal, at\u00e9 o melhor amigo do homem tem seus momentos demon\u00edacos.&nbsp;Google.<\/p>\n<\/div><\/div>\n\n\n\n<p><\/p>\n\n\n\n<p><\/p>\n\n\n\n<p class=\"has-background\" style=\"background-color:#ec1d25\"><strong><a href=\"https:\/\/www.google.com\/search?q=Final+Space&amp;rlz=1C1GCEA_enBR968BR968&amp;sxsrf=ALiCzsaSdDpsajxFjbOvR9vjSSz-S_UL5A%3A1654027555487&amp;ei=I3WWYvqyHaqM5OUP4Iy4uAs&amp;ved=0ahUKEwi60JLnxIr4AhUqBrkGHWAGDrcQ4dUDCA4&amp;oq=Final+Space&amp;gs_lcp=Cgdnd3Mtd2l6EAwyCAguEIAEELEDMgQIABBDMgUIABCABDIFCAAQgAQyBQgAEIAEMgUIABCABDIECAAQQzIFCAAQgAQyBAgAEEMyBAgAEEM6BwgAEEcQsAM6BwgAELADEEM6CgguENQCELADEEM6CggAEOQCELADGAE6DAguEMgDELADEEMYAjoPCC4Q1AIQyAMQsAMQQxgCSgQIQRgASgQIRhgBUPUOWPUOYKsWaANwAXgAgAGEAYgBhAGSAQMwLjGYAQCgAQKgAQHIARLAAQHaAQYIARABGAnaAQYIAhABGAg&amp;sclient=gws-wiz\" target=\"_blank\" rel=\"noreferrer noopener\" title=\"Final Space\">Final Space<\/a><\/strong><\/p>\n\n\n\n<div class=\"wp-block-media-text alignwide has-media-on-the-right is-stacked-on-mobile\" style=\"grid-template-columns:auto 26%\"><div class=\"wp-block-media-text__content\">\n<p><strong><u>Classifica\u00e7\u00e3o: +16 anos (de acordo com a&nbsp;<\/u>Netflix<\/strong>)<\/p>\n\n\n\n<p style=\"font-size:18px\">Um humano prisioneiro no espa\u00e7o e um incr\u00edvel alien\u00edgena destruidor de planetas partem em uma aventura interestelar para salvar o universo.&nbsp;<\/p>\n<\/div><figure class=\"wp-block-media-text__media\"><img decoding=\"async\" src=\"https:\/\/1.bp.blogspot.com\/-HnSQKH8rI6Q\/YU10vPbwqxI\/AAAAAAAAAL4\/BqjtiFnXVTQ7BXTETuNgxxEzpjKfiZAtQCLcBGAsYHQ\/s320\/Final_Space_%25282019%2529.jpg\" alt=\"\"\/><\/figure><\/div>\n\n\n\n<p><\/p>\n\n\n\n<p><\/p>\n\n\n\n<h4 class=\"wp-block-heading has-background\" style=\"background-color:#ec1d25\"><a href=\"https:\/\/www.blogger.com\/blog\/post\/edit\/9074918796586167093\/5181132025476953097#\"><\/a><a href=\"https:\/\/www.blogger.com\/blog\/post\/edit\/9074918796586167093\/5181132025476953097#\"><\/a><a href=\"https:\/\/www.blogger.com\/blog\/post\/edit\/9074918796586167093\/5181132025476953097#\"><\/a><br><a href=\"https:\/\/www.google.com\/search?q=harley+quinn&amp;rlz=1C1GCEA_enBR968BR968&amp;sxsrf=ALiCzsbxupL-plJbJVePHn4WhHaJqRbxjw%3A1654027408782&amp;ei=kHSWYt6nL4WM5OUPpeuwwAo&amp;gs_ssp=eJzj4tVP1zc0TDMpTEtKMsswYPTiyUgsykmtVCgszczLAwCC4wlp&amp;oq=harl&amp;gs_lcp=Cgdnd3Mtd2l6EAEYADIKCC4QsQMQ1AIQQzIHCAAQsQMQQzIOCC4QgAQQsQMQxwEQowIyBAgAEEMyCgguELEDEIMBEEMyBAguEEMyCgguEMcBENEDEEMyBAgAEEMyCwguEIAEEMcBEK8BMgsIABCABBCxAxCDAToKCC4QxwEQ0QMQJzoECCMQJzoGCCMQJxATOgcILhDUAhBDOggIABCABBCxAzoICC4QgAQQsQNKBAhBGABKBAhGGABQpJYDWI6kA2DzvANoBHABeACAAZIBiAGdBJIBAzAuNJgBAKABAcABAQ&amp;sclient=gws-wiz\" target=\"_blank\" rel=\"noreferrer noopener\" title=\"Harley Quinn\">Harley Quinn<\/a><\/h4>\n\n\n\n<div class=\"wp-block-media-text alignwide is-stacked-on-mobile\" style=\"grid-template-columns:26% auto\"><figure class=\"wp-block-media-text__media\"><img loading=\"lazy\" decoding=\"async\" width=\"768\" height=\"1024\" src=\"https:\/\/lucasdeoliveirapsi.com.br\/wp-content\/uploads\/2022\/04\/1315172-768x1024.jpg\" alt=\"\" class=\"wp-image-131 size-full\" srcset=\"https:\/\/lucasdeoliveirapsi.com.br\/wp-content\/uploads\/2022\/04\/1315172-768x1024.jpg 768w, https:\/\/lucasdeoliveirapsi.com.br\/wp-content\/uploads\/2022\/04\/1315172-225x300.jpg 225w, https:\/\/lucasdeoliveirapsi.com.br\/wp-content\/uploads\/2022\/04\/1315172-1152x1536.jpg 1152w, https:\/\/lucasdeoliveirapsi.com.br\/wp-content\/uploads\/2022\/04\/1315172.jpg 1200w\" sizes=\"auto, (max-width: 768px) 100vw, 768px\" \/><\/figure><div class=\"wp-block-media-text__content\">\n<p><strong><u>Classifica\u00e7\u00e3o: +16 anos (de acordo com a<\/u> HBOmax)<\/strong><\/p>\n\n\n\n<p style=\"font-size:18px\">Arlequina finalmente terminou seu relacionamento com o Coringa.<\/p>\n\n\n\n<p style=\"font-size:18px\"> Agora, ela tenta trilhar seu caminho sozinha como a criminosa Queenpin de Gotham City nessa s\u00e9rie de anima\u00e7\u00e3o com muita com\u00e9dia e a\u00e7\u00e3o.<\/p>\n<\/div><\/div>\n\n\n\n<p><a href=\"https:\/\/www.blogger.com\/blog\/post\/edit\/9074918796586167093\/5181132025476953097#\"><\/a><\/p>\n\n\n\n<h4 class=\"wp-block-heading has-background\" style=\"background-color:#fbc115\"><a href=\"https:\/\/www.blogger.com\/blog\/post\/edit\/9074918796586167093\/5181132025476953097#\">Bleach<\/a><\/h4>\n\n\n\n<div class=\"wp-block-media-text alignwide has-media-on-the-right is-stacked-on-mobile\" style=\"grid-template-columns:auto 26%\"><div class=\"wp-block-media-text__content\">\n<p><strong><u>Classifica\u00e7\u00e3o: +12 anos (de acordo com a&nbsp;<\/u>Netflix<\/strong>)<\/p>\n\n\n\n<p style=\"font-size:18px\">Ap\u00f3s o jovem Ichigo Kurosaki adquirir superpoderes da ceifeira de almas Rukia Kuchiki, os dois unem for\u00e7as para ajudar almas perdidas.&nbsp;<\/p>\n<\/div><figure class=\"wp-block-media-text__media\"><img decoding=\"async\" src=\"https:\/\/1.bp.blogspot.com\/-pCHoI-P7qGE\/YU13CFTMmMI\/AAAAAAAAAMA\/uxkOH_fG2n4XJIEa4T--7H45qNlE8QEIQCLcBGAsYHQ\/s320\/Assistir-Bleach-online.jpg\" alt=\"\"\/><\/figure><\/div>\n\n\n\n<p><\/p>\n\n\n\n<p><a href=\"https:\/\/www.blogger.com\/blog\/post\/edit\/9074918796586167093\/5181132025476953097#\"><\/a><\/p>\n\n\n\n<h4 class=\"wp-block-heading has-background\" style=\"background-color:#ec1d25\"><a href=\"https:\/\/www.google.com\/search?q=Attack+on+Titan&amp;rlz=1C1GCEA_enBR968BR968&amp;sxsrf=ALiCzsYuaB3_vnvWj_e31zDezHs5JsTu5g%3A1654027024337&amp;ei=EHOWYoGcFNmv5OUP7bSo8A8&amp;ved=0ahUKEwiB5O_pwor4AhXZF7kGHW0aCv4Q4dUDCA4&amp;oq=Attack+on+Titan&amp;gs_lcp=Cgdnd3Mtd2l6EAw6BwgAEEcQsAM6BwgAELADEEM6CggAEOQCELADGAE6DAguEMgDELADEEMYAjoPCC4Q1AIQyAMQsAMQQxgCSgQIQRgASgQIRhgBUJtfWJtfYIxraARwAHgAgAGAAYgBgAGSAQMwLjGYAQCgAQKgAQHIARPAAQHaAQYIARABGAnaAQYIAhABGAg&amp;sclient=gws-wiz\" target=\"_blank\" rel=\"noreferrer noopener\" title=\"Attack on Titan\">Attack on Titan<\/a><\/h4>\n\n\n\n<div class=\"wp-block-media-text alignwide is-stacked-on-mobile\" style=\"grid-template-columns:26% auto\"><figure class=\"wp-block-media-text__media\"><img decoding=\"async\" src=\"https:\/\/1.bp.blogspot.com\/-AKiq83BRqMg\/YU142ZwyOwI\/AAAAAAAAAMI\/i-zv24DTqqIUy-cpKNTqYAzQzehkXcJKgCLcBGAsYHQ\/s320\/0_61JOC48KB4sV2vR6.jpg\" alt=\"\"\/><\/figure><div class=\"wp-block-media-text__content\">\n<p><strong><u><font style=\"vertical-align: inherit;\"><font style=\"vertical-align: inherit;\">Classifica\u00e7\u00e3o: +16 anos (de acordo com a&nbsp; Funimation )<\/font><\/font><\/u><\/strong><\/p>\n\n\n\n<p style=\"font-size:18px\"><font style=\"vertical-align: inherit;\"><font style=\"vertical-align: inherit;\">Eren Jaeger  jurau eliminar todos os Tit\u00e3s, mas em uma batalha desesperada ele se torna aquilo que mais odeia.<\/font><\/font><\/p>\n\n\n\n<p style=\"font-size:18px\"> <font style=\"vertical-align: inherit;\"><font style=\"vertical-align: inherit;\">Com seus novos poderes, ele luta pela liberdade da humanidade, combatendo os monstros que amea\u00e7am seu lar.<\/font><\/font><\/p>\n\n\n\n<p style=\"font-size:18px\"> <font style=\"vertical-align: inherit;\"><font style=\"vertical-align: inherit;\">Mesmo depois de derrotar a Tit\u00e3 F\u00eamea, Eren n\u00e3o consegue conseguir &#8211; uma horda de Tit\u00e3s se aproxima da Muralha Rose e a batalha em nome da humanidade continua!\u00a0Crunchyroll .<\/font><\/font><\/p>\n<\/div><\/div>\n\n\n\n<p><\/p>\n\n\n\n<h4 class=\"wp-block-heading has-background\" style=\"background-color:#f58220\"><a href=\"https:\/\/www.google.com\/search?q=The+seven+Deadly+Sins&amp;rlz=1C1GCEA_enBR968BR968&amp;oq=The+seven+Deadly+Sins&amp;aqs=chrome..69i57j46i433i512j46i131i433i512j46i512l2j0i512j46i512j0i512l3.762j0j4&amp;sourceid=chrome&amp;ie=UTF-8\" target=\"_blank\" rel=\"noreferrer noopener\" title=\"The seven Deadly Sins\">The seven Deadly Sins<\/a><\/h4>\n\n\n\n<div class=\"wp-block-media-text alignwide has-media-on-the-right is-stacked-on-mobile\" style=\"grid-template-columns:auto 26%\"><div class=\"wp-block-media-text__content\">\n<p style=\"font-size:18px\"><strong><font style=\"vertical-align: inherit;\"><font style=\"vertical-align: inherit;\">Classifica\u00e7\u00e3o: +14 (de acordo com a Netflix)<\/font><\/font><\/strong><br><font style=\"vertical-align: inherit;\"><font style=\"vertical-align: inherit;\"> The seven Deadly Sins\/Os Sete Pecados Capitais s\u00e3o um grupo de\u00a0 cavaleiros \u00a0que vivem na regi\u00e3o de\u00a0 Brit\u00e2nia \u00a0(\u30d6\u30ea\u30bf\u30cb\u30a2\u00a0<\/font><\/font><em><font style=\"vertical-align: inherit;\"><font style=\"vertical-align: inherit;\">Buritania <\/font><\/font><\/em><sup><a href=\"https:\/\/www.blogger.com\/blog\/post\/edit\/9074918796586167093\/5181132025476953097#\"><font style=\"vertical-align: inherit;\"><font style=\"vertical-align: inherit;\">?<\/font><\/font><\/a><\/sup><font style=\"vertical-align: inherit;\"><font style=\"vertical-align: inherit;\"> ), mas se separaram, depois de serem de tentar derrubar o acusado Reino de Liones (\u30ea\u30aa\u30cd\u30b9\u738b\u56fd\u00a0<\/font><\/font><em><font style=\"vertical-align: inherit;\"><font style=\"vertical-align: inherit;\">Rionesu \u014ckoku <\/font><\/font><\/em><sup><a href=\"https:\/\/www.blogger.com\/blog\/post\/edit\/9074918796586167093\/5181132025476953097#\"><font style=\"vertical-align: inherit;\"><font style=\"vertical-align: inherit;\">?<\/font><\/font><\/a><\/sup><font style=\"vertical-align: inherit;\"><font style=\"vertical-align: inherit;\"> ).<\/font><\/font><\/p>\n\n\n\n<p style=\"font-size:18px\"> <font style=\"vertical-align: inherit;\"><font style=\"vertical-align: inherit;\">Sua suposta derrota chegou pelas m\u00e3os dos Cavaleiros Sagrados, mas os rumores que eles ainda vivos, continuaram a persistir.<\/font><\/font><\/p>\n\n\n\n<p style=\"font-size:18px\"> <font style=\"vertical-align: inherit;\"><font style=\"vertical-align: inherit;\">Dez anos depois, os Cavaleiros Sagrados encenaram um golpe de Estado e capturaram o Rei, os novos governantes tiranos do Reino.<\/font><\/font><\/p>\n\n\n\n<p style=\"font-size:18px\"> <font style=\"vertical-align: inherit;\"><font style=\"vertical-align: inherit;\">A terceira princesa, Elizabeth, come\u00e7ou uma jornada para encontrar os\u00a0 Sete Pecados Capitais, para conseguir sua ajuda e novamente seu Reino.\u00a0Wikip\u00e9dia .<\/font><\/font><\/p>\n<\/div><figure class=\"wp-block-media-text__media\"><img decoding=\"async\" src=\"https:\/\/1.bp.blogspot.com\/-semGLmvdUEc\/YU18v5h9kdI\/AAAAAAAAAMo\/5YuRqMH6b1gxP4VhL4FNO39t-zv6BIy6gCLcBGAsYHQ\/s320\/3761241.jpg\" alt=\"\"\/><\/figure><\/div>\n\n\n\n<p><\/p>\n\n\n\n<p><\/p>\n\n\n\n<h4 class=\"wp-block-heading has-background\" style=\"background-color:#ec1d25\"><a href=\"https:\/\/www.google.com\/search?rlz=1C1GCEA_enBR968BR968&amp;sxsrf=ALiCzsbzq7A4-nA9rBz8Aoa9lgrE-VRiWg:1654026909752&amp;q=Beastars+-+O+Lobo+Bom&amp;si=AC1wQDApU_L7mEr08NL2tyPAiwbkKXiOQMzKp1cMwbGxhXrbjM1Z4KRBe_CdTkX30lwPmVx3s30pFam_bWqaD_WYdJbuXkaLJxUWO5agKXZ8HHmI8iCwyO4JUTFawa4VCd8xq3Q34HhomPHTHR1cITw42B9IEeQLxGYs99eajxJUye9J6dZujF-FlpS2vshfkmetXzPLmpdh&amp;sa=X&amp;ved=2ahUKEwi6iJ6zwor4AhV0AtQKHRnRATwQ6RN6BAgrEAE&amp;biw=1366&amp;bih=606&amp;dpr=1\" target=\"_blank\" rel=\"noreferrer noopener\" title=\"BEASTARS - O Lobo Bom\">BEASTARS &#8211; O Lobo Bom<\/a><\/h4>\n\n\n\n<div class=\"wp-block-media-text alignwide is-stacked-on-mobile\" style=\"grid-template-columns:26% auto\"><figure class=\"wp-block-media-text__media\"><img decoding=\"async\" src=\"https:\/\/1.bp.blogspot.com\/-SSHwGcj8pOI\/YU1-q0OVhlI\/AAAAAAAAAMw\/lj5-SD50YekvnsRVZBW01IcLFztf6UjDwCLcBGAsYHQ\/s320\/beastars-1a-temporad_t282883.jpg\" alt=\"\"\/><\/figure><div class=\"wp-block-media-text__content\">\n<p style=\"font-size:18px\"><strong><font style=\"vertical-align: inherit;\"><font style=\"vertical-align: inherit;\">Classifica\u00e7\u00e3o: +16 anos (de acordo com a&nbsp; Netflix )<\/font><\/font><\/strong><font style=\"vertical-align: inherit;\"><font style=\"vertical-align: inherit;\"> Em um mundo onde convivem animais de todo tipo, um lobo manso come\u00e7a a descobrir seus instintos predat\u00f3rios justamente quando acontece um assassinato na escola.&nbsp;Netflix.<\/font><\/font><\/p>\n<\/div><\/div>\n\n\n\n<p><\/p>\n\n\n\n<p><\/p>\n\n\n\n<p><\/p>\n\n\n\n<h4 class=\"wp-block-heading has-black-background-color has-background\"><a href=\"https:\/\/www.netflix.com\/title\/80179831\" target=\"_blank\" rel=\"noreferrer noopener\" title=\"JJojo Bizzare Adventures\"><font style=\"vertical-align: inherit;\"><font style=\"vertical-align: inherit;\">Jojo<\/font><\/font> Bizzare Adventure<\/a><\/h4>\n\n\n\n<div class=\"wp-block-media-text alignwide has-media-on-the-right is-stacked-on-mobile\" style=\"grid-template-columns:auto 26%\"><div class=\"wp-block-media-text__content\">\n<p style=\"font-size:18px\"><strong>Classifica\u00e7\u00e3o: +18 anos (de acordo a&nbsp;<\/strong>V\u00e1rias gera\u00e7\u00f5es da fam\u00edlia Joestar enfrentam vil\u00f5es sobrenaturais ao longo dos tempos, sempre com o mesmo apelido.&nbsp;<\/p>\n<\/div><figure class=\"wp-block-media-text__media\"><img loading=\"lazy\" decoding=\"async\" width=\"732\" height=\"1024\" src=\"https:\/\/lucasdeoliveirapsi.com.br\/wp-content\/uploads\/2022\/04\/6379fecd842642b974dcedffdb007e50-732x1024-1.jpg\" alt=\"\" class=\"wp-image-130 size-full\" srcset=\"https:\/\/lucasdeoliveirapsi.com.br\/wp-content\/uploads\/2022\/04\/6379fecd842642b974dcedffdb007e50-732x1024-1.jpg 732w, https:\/\/lucasdeoliveirapsi.com.br\/wp-content\/uploads\/2022\/04\/6379fecd842642b974dcedffdb007e50-732x1024-1-214x300.jpg 214w\" sizes=\"auto, (max-width: 732px) 100vw, 732px\" \/><\/figure><\/div>\n\n\n\n<p><\/p>\n\n\n\n<p><\/p>\n\n\n<div class=\"wp-block-image is-style-default\">\n<figure class=\"aligncenter is-resized\"><img loading=\"lazy\" decoding=\"async\" src=\"https:\/\/1.bp.blogspot.com\/-Im_dhTVISN4\/YVIgidG7s-I\/AAAAAAAAAQ0\/gP6lSrkO5hYKGfU1N2hvyJpFoHTDn66rwCLcBGAsYHQ\/w273-h117\/Classifica%25C3%25A7%25C3%25A3o-Indicativa.png\" alt=\"\" width=\"531\" height=\"282\"\/><\/figure>\n<\/div>\n\n\n<p>\u00a0Existem diversas outras anima\u00e7\u00f5es que podem parecer infantis, mas que na realidade n\u00e3o s\u00e3o.<\/p>\n\n\n\n<p> O motivo pra que sejam recomendadas essas classifica\u00e7\u00f5es \u00e9 para evitar o risco de tais conte\u00fados que as anima\u00e7\u00f5es e os jogos possuem atrapalhem no desenvolvimento da crian\u00e7a e pela possibilidade dela n\u00e3o saber lhe dar com a informa\u00e7\u00f5es que eles possam ter.<\/p>\n\n\n\n<p> Por isso, quando se trata de crian\u00e7a, \u00e9 sempre bom supervisionar o que ele assiste ou joga pra evitar problemas.<\/p>\n\n\n\n<h2 class=\"wp-block-heading has-light-green-cyan-background-color has-background\">Mais uma coisa<\/h2>\n\n\n\n<div class=\"wp-block-media-text alignwide is-stacked-on-mobile\" style=\"grid-template-columns:15% auto\"><figure class=\"wp-block-media-text__media\"><img loading=\"lazy\" decoding=\"async\" width=\"64\" height=\"64\" src=\"https:\/\/lucasdeoliveirapsi.com.br\/wp-content\/uploads\/2023\/01\/icons8-read-64.png\" alt=\"\" class=\"wp-image-1137 size-full\"\/><\/figure><div class=\"wp-block-media-text__content\">\n<p class=\"has-medium-font-size\"><strong>Recomenda\u00e7\u00e3o de leitura<\/strong>:<\/p>\n<\/div><\/div>\n\n\n<div class=\"wp-block-image\">\n<figure class=\"alignright size-large is-resized\"><a href=\"https:\/\/www.gov.br\/mj\/pt-br\/assuntos\/noticias\/mjsp-lanca-cartilha-da-turma-da-monica-para-explicar-classificacao-indicativa\" target=\"_blank\" rel=\"noreferrer noopener\"><img loading=\"lazy\" decoding=\"async\" src=\"https:\/\/lucasdeoliveirapsi.com.br\/wp-content\/uploads\/2023\/01\/De-Olho-na-Classificacao-Indicativa-1024x576.png\" alt=\"\" class=\"wp-image-1152\" width=\"285\" height=\"159\" srcset=\"https:\/\/lucasdeoliveirapsi.com.br\/wp-content\/uploads\/2023\/01\/De-Olho-na-Classificacao-Indicativa-1024x576.png 1024w, https:\/\/lucasdeoliveirapsi.com.br\/wp-content\/uploads\/2023\/01\/De-Olho-na-Classificacao-Indicativa-768x432.png 768w, https:\/\/lucasdeoliveirapsi.com.br\/wp-content\/uploads\/2023\/01\/De-Olho-na-Classificacao-Indicativa-1536x864.png 1536w, https:\/\/lucasdeoliveirapsi.com.br\/wp-content\/uploads\/2023\/01\/De-Olho-na-Classificacao-Indicativa-888x500.png 888w, https:\/\/lucasdeoliveirapsi.com.br\/wp-content\/uploads\/2023\/01\/De-Olho-na-Classificacao-Indicativa-900x500.png 900w, https:\/\/lucasdeoliveirapsi.com.br\/wp-content\/uploads\/2023\/01\/De-Olho-na-Classificacao-Indicativa.png 1920w\" sizes=\"auto, (max-width: 285px) 100vw, 285px\" \/><\/a><\/figure>\n<\/div>\n\n\n<p> O Instituto Mauricio de Souza lan\u00e7ou, no dia 14 de dezembro de 2022, um gibi da <a href=\"https:\/\/www.gov.br\/mj\/pt-br\/assuntos\/noticias\/mjsp-lanca-cartilha-da-turma-da-monica-para-explicar-classificacao-indicativa\" target=\"_blank\" rel=\"noopener\" title=\"Turma da M\u00f4nica\">Turma da M\u00f4nica<\/a> para falar sobre o tema da Classifica\u00e7\u00e3o indicativa com as crian\u00e7as, com o t\u00edtulo &#8220;De Olho na Classifica\u00e7\u00e3o Indicativa&#8221;.<\/p>\n\n\n\n<p> Ele possui 20 p\u00e1ginas e o tema \u00e9 explicado de forma bem simples como funciona essa classifica\u00e7\u00e3o, permitindo o acesso a essa informa\u00e7\u00e3o pelas pelas crian\u00e7as.<\/p>\n\n\n\n<p>Para acessar esse conte\u00fado <a href=\"https:\/\/www.gov.br\/mj\/pt-br\/assuntos\/noticias\/mjsp-lanca-cartilha-da-turma-da-monica-para-explicar-classificacao-indicativa\/revista_senajus_de-olho-na-classificacao-indicativa_digital-1.pdf\" target=\"_blank\" rel=\"noopener\" title=\"clique aqui\">clique aqui<\/a>.<\/p>\n\n\n\n<blockquote class=\"wp-block-quote is-layout-flow wp-block-quote-is-layout-flow\">\n<p>Confira outros artigos ligados a este tema: &#8220;<a href=\"https:\/\/lucasdeoliveirapsi.com.br\/index.php\/2022\/04\/13\/a-tecnologia-e-as-criancas\/\" target=\"_blank\" rel=\"noopener\" title=\"A tecnologia e as crian\u00e7as\"><em>A tecnologia e as crian\u00e7as<\/em><\/a>&#8220;, &#8220;<a href=\"https:\/\/lucasdeoliveirapsi.com.br\/index.php\/2022\/04\/14\/sobre-brincar\/\" target=\"_blank\" rel=\"noopener\" title=\"Sobre o brincar\"><em>Sobre o brincar<\/em><\/a>&#8220;, &#8220;<a href=\"https:\/\/lucasdeoliveirapsi.com.br\/index.php\/2022\/04\/16\/o-youtube-kids\/\" target=\"_blank\" rel=\"noopener\" title=\"O Youtube Kids\"><em>O Youtube Kids<\/em><\/a>&#8220;.<\/p>\n<\/blockquote>\n\n\n<div class=\"wp-block-image is-style-default\">\n<figure class=\"aligncenter size-full is-resized\"><img loading=\"lazy\" decoding=\"async\" src=\"https:\/\/lucasdeoliveirapsi.com.br\/wp-content\/uploads\/2022\/04\/Comparilhe.png\" alt=\"\" class=\"wp-image-129\" width=\"856\" height=\"285\" srcset=\"https:\/\/lucasdeoliveirapsi.com.br\/wp-content\/uploads\/2022\/04\/Comparilhe.png 600w, https:\/\/lucasdeoliveirapsi.com.br\/wp-content\/uploads\/2022\/04\/Comparilhe-300x100.png 300w\" sizes=\"auto, (max-width: 856px) 100vw, 856px\" \/><\/figure>\n<\/div>","protected":false},"excerpt":{"rendered":"<p>Como funciona a Classifica\u00e7\u00e3o indicativa de desenhos? Que desenhos n\u00e3o s\u00e3o pra crian\u00e7a assistir? Nesse post falaremos um pouco sobre isso.<\/p>\n","protected":false},"author":1,"featured_media":142,"comment_status":"open","ping_status":"open","sticky":false,"template":"","format":"standard","meta":{"om_disable_all_campaigns":false,"footnotes":""},"categories":[6],"tags":[73,72,75,74,58,71,56,76,57,13],"class_list":["post-128","post","type-post","status-publish","format-standard","has-post-thumbnail","hentry","category-desenvolvimento-infantil","tag-anime","tag-cartoon","tag-classificacao","tag-classificacao-indicativa","tag-crianca","tag-desenho","tag-desenvolvimento","tag-indicativa","tag-infantil","tag-psicologia"],"aioseo_notices":[],"_links":{"self":[{"href":"https:\/\/lucasdeoliveirapsi.com.br\/index.php\/wp-json\/wp\/v2\/posts\/128","targetHints":{"allow":["GET"]}}],"collection":[{"href":"https:\/\/lucasdeoliveirapsi.com.br\/index.php\/wp-json\/wp\/v2\/posts"}],"about":[{"href":"https:\/\/lucasdeoliveirapsi.com.br\/index.php\/wp-json\/wp\/v2\/types\/post"}],"author":[{"embeddable":true,"href":"https:\/\/lucasdeoliveirapsi.com.br\/index.php\/wp-json\/wp\/v2\/users\/1"}],"replies":[{"embeddable":true,"href":"https:\/\/lucasdeoliveirapsi.com.br\/index.php\/wp-json\/wp\/v2\/comments?post=128"}],"version-history":[{"count":27,"href":"https:\/\/lucasdeoliveirapsi.com.br\/index.php\/wp-json\/wp\/v2\/posts\/128\/revisions"}],"predecessor-version":[{"id":1362,"href":"https:\/\/lucasdeoliveirapsi.com.br\/index.php\/wp-json\/wp\/v2\/posts\/128\/revisions\/1362"}],"wp:featuredmedia":[{"embeddable":true,"href":"https:\/\/lucasdeoliveirapsi.com.br\/index.php\/wp-json\/wp\/v2\/media\/142"}],"wp:attachment":[{"href":"https:\/\/lucasdeoliveirapsi.com.br\/index.php\/wp-json\/wp\/v2\/media?parent=128"}],"wp:term":[{"taxonomy":"category","embeddable":true,"href":"https:\/\/lucasdeoliveirapsi.com.br\/index.php\/wp-json\/wp\/v2\/categories?post=128"},{"taxonomy":"post_tag","embeddable":true,"href":"https:\/\/lucasdeoliveirapsi.com.br\/index.php\/wp-json\/wp\/v2\/tags?post=128"}],"curies":[{"name":"wp","href":"https:\/\/api.w.org\/{rel}","templated":true}]}}