{"id":1194,"date":"2023-02-28T14:30:44","date_gmt":"2023-02-28T17:30:44","guid":{"rendered":"https:\/\/lucasdeoliveirapsi.com.br\/?p=1194"},"modified":"2023-06-20T17:23:38","modified_gmt":"2023-06-20T20:23:38","slug":"as-telas-prejudicam-nossa-saude","status":"publish","type":"post","link":"https:\/\/lucasdeoliveirapsi.com.br\/index.php\/2023\/02\/28\/as-telas-prejudicam-nossa-saude\/","title":{"rendered":"As telas prejudicam nossa sa\u00fade?"},"content":{"rendered":"\n<h2 class=\"wp-block-heading has-vivid-green-cyan-background-color has-background\">Faz parte do nosso dia a dia <\/h2>\n\n\n\n<p> \u00c9 bem normal a gente ficar parte do tempo do nosso dia na frente de telas, seja dos celulares, computadores, televis\u00f5es, tablets; s\u00e3o muitos os equipamentos que usamos que tem uma tela iluminada. <\/p>\n\n\n\n<p> Nos \u00faltimos 20 anos, essas telas iluminadas passaram a fazer mais parte do nosso cotidiano. O trabalho online, o acesso a informa\u00e7\u00e3o de forma virtual, acaba sendo bem dif\u00edcil n\u00e3o usar algum desses equipamentos com essas telas.<\/p>\n\n\n\n<p> Mas nisso tem um problema: o excesso de exposi\u00e7\u00e3o a elas pode fazer mal pra nossa sa\u00fade.<\/p>\n\n\n\n<h3 class=\"wp-block-heading has-light-green-cyan-background-color has-background\">Como?<\/h3>\n\n\n\n<p>O excesso de exposi\u00e7\u00e3o a telas pode afetar:<\/p>\n\n\n\n<ul class=\"wp-block-list\">\n<li>A vis\u00e3o,<\/li>\n<\/ul>\n\n\n\n<ul class=\"wp-block-list\">\n<li>Potencializar comportamentos n\u00e3o saud\u00e1veis para o corpo.<\/li>\n<\/ul>\n\n\n\n<h4 class=\"wp-block-heading has-luminous-vivid-orange-background-color has-background\">Vis\u00e3o<\/h4>\n\n\n\n<p> <strong>A vis\u00e3o<\/strong>, por causa da luz emitida pelos aparelhos eletr\u00f4nicos, quanto mais tempo se fica exposto, maior o risco de essa luminosidade causar problemas de vis\u00e3o.<\/p>\n\n\n\n<p> Por mais que temos equipamentos melhores que n\u00e3o emitem luz na intensidade que pode nos fazer mal, usar a longo prazo pode afetar a nossa vis\u00e3o.<\/p>\n\n\n\n<h4 class=\"wp-block-heading has-luminous-vivid-amber-background-color has-background\"><strong>Potencializar comportamentos n\u00e3o saud\u00e1veis<\/strong><\/h4>\n\n\n<div class=\"wp-block-image\">\n<figure class=\"alignright size-large is-resized\"><img loading=\"lazy\" decoding=\"async\" src=\"https:\/\/lucasdeoliveirapsi.com.br\/wp-content\/uploads\/2023\/02\/pexels-harrison-haines-3536480-1024x684.jpg\" alt=\"\" class=\"wp-image-1250\" width=\"294\" height=\"196\" srcset=\"https:\/\/lucasdeoliveirapsi.com.br\/wp-content\/uploads\/2023\/02\/pexels-harrison-haines-3536480-1024x684.jpg 1024w, https:\/\/lucasdeoliveirapsi.com.br\/wp-content\/uploads\/2023\/02\/pexels-harrison-haines-3536480-300x200.jpg 300w, https:\/\/lucasdeoliveirapsi.com.br\/wp-content\/uploads\/2023\/02\/pexels-harrison-haines-3536480-768x513.jpg 768w, https:\/\/lucasdeoliveirapsi.com.br\/wp-content\/uploads\/2023\/02\/pexels-harrison-haines-3536480-1536x1026.jpg 1536w, https:\/\/lucasdeoliveirapsi.com.br\/wp-content\/uploads\/2023\/02\/pexels-harrison-haines-3536480-2048x1367.jpg 2048w\" sizes=\"auto, (max-width: 294px) 100vw, 294px\" \/><\/figure>\n<\/div>\n\n\n<ul class=\"wp-block-list\">\n<li><em><strong>Os jogos eletr\u00f4nicos, as redes sociais, os v\u00eddeos, as fotos, as diversas formas de entretenimento com acesso facilitado por meio desses aparelhos eletr\u00f4nicos podem fazer com que as pessoas foquem tanto ali, que podem leva-las a deixarem de fazer atividades importantes pra sua sa\u00fade. <\/strong><\/em><\/li>\n<\/ul>\n\n\n\n<p> Isso n\u00e3o \u00e9 algo que podemos generalizar, mas quando encontramos algo que chama muito a nossa aten\u00e7\u00e3o \u00e9 poss\u00edvel que foquemos ali e nos esque\u00e7amos de outras coisas:<\/p>\n\n\n\n<p> O que pode <em>ser bom pra distrair<\/em> ou <em>ruim caso nos atrapalhe a fazer atividades importantes<\/em>. Por isso cabe bem observar se essa a\u00e7\u00e3o est\u00e1 ajudando ou prejudicando.<\/p>\n\n\n\n<ul class=\"wp-block-list\">\n<li><em><strong>Deixar de lado brincadeiras que envolvem atividade f\u00edsica.<\/strong><\/em><\/li>\n<\/ul>\n\n\n\n<p> Diversos dos estudos sobre a exposi\u00e7\u00e3o a telas, publicados em revistas cient\u00edficas no per\u00edodo de 2019 a 2023\u00b9 chegaram a conclus\u00e3o que muitas crian\u00e7as tem deixado de lado brincadeiras que envolvem atividades f\u00edsicas para brincar virtualmente em celulares, computadores etc.<\/p>\n\n\n\n<p> Isso \u00e9 ruim porque parte importante dos desenvolvimento f\u00edsico dos seres humanos se d\u00e1 nas atividades que envolvem atividades f\u00edsicas, com no caso das crian\u00e7as, as brincadeiras de correr ou pular e tantas outras brincadeiras que envolvem atividade f\u00edsica. <\/p>\n\n\n\n<ul class=\"wp-block-list\">\n<li><strong><em>N\u00e3o alimentar na hora certa e com alimentos que podem n\u00e3o ser saud\u00e1veis<\/em>.<\/strong><\/li>\n<\/ul>\n\n\n\n<p> Seja porque pode precisar de algum preparo que leva tempo e por isso acabam sendo deixados de lado;<\/p>\n\n\n\n<p> Ou por esquecimento. Ficam t\u00e3o &#8220;hipinotizados&#8221; pelo que est\u00e3o vendo ou fazendo que se esquecem da hora de comer, e at\u00e9 mesmo podem ignorar a &#8220;barriga roncando&#8221;, sinalizando a fome.<\/p>\n\n\n\n<ul class=\"wp-block-list\">\n<li><em><strong>N\u00e3o consumir \u00e1gua no momento certo, e nem na quantidade adequada.<\/strong><\/em><\/li>\n<\/ul>\n\n\n\n<p>Pode ser por esquecimento ou por ignorar a boca seca sinalizando a sede; parecido com o ponto anterior.<\/p>\n\n\n\n<h3 class=\"wp-block-heading has-background\" style=\"background-color:#ffb52b\">Porque eles podem ser potencializados?<\/h3>\n\n\n<div class=\"wp-block-image\">\n<figure class=\"alignright size-large is-resized\"><img loading=\"lazy\" decoding=\"async\" src=\"https:\/\/lucasdeoliveirapsi.com.br\/wp-content\/uploads\/2023\/01\/pexels-ksenia-chernaya-4740533-684x1024.jpg\" alt=\"\" class=\"wp-image-1140\" width=\"182\" height=\"273\" srcset=\"https:\/\/lucasdeoliveirapsi.com.br\/wp-content\/uploads\/2023\/01\/pexels-ksenia-chernaya-4740533-684x1024.jpg 684w, https:\/\/lucasdeoliveirapsi.com.br\/wp-content\/uploads\/2023\/01\/pexels-ksenia-chernaya-4740533-200x300.jpg 200w, https:\/\/lucasdeoliveirapsi.com.br\/wp-content\/uploads\/2023\/01\/pexels-ksenia-chernaya-4740533-768x1151.jpg 768w, https:\/\/lucasdeoliveirapsi.com.br\/wp-content\/uploads\/2023\/01\/pexels-ksenia-chernaya-4740533-1025x1536.jpg 1025w, https:\/\/lucasdeoliveirapsi.com.br\/wp-content\/uploads\/2023\/01\/pexels-ksenia-chernaya-4740533-1367x2048.jpg 1367w, https:\/\/lucasdeoliveirapsi.com.br\/wp-content\/uploads\/2023\/01\/pexels-ksenia-chernaya-4740533-scaled.jpg 1709w\" sizes=\"auto, (max-width: 182px) 100vw, 182px\" \/><figcaption class=\"wp-element-caption\">Photo by <a href=\"https:\/\/www.pexels.com\/photo\/unrecognizable-girl-eating-and-watching-tv-in-living-room-4740533\/\" target=\"_blank\" rel=\"noopener\" title=\"Ksenia Chernaya\">Ksenia Chernaya<\/a><\/figcaption><\/figure>\n<\/div>\n\n\n<p>Esses comportamentos podem ser Potencializados porque, muitas vezes esses comportamentos j\u00e1 acontecem independentemente da exposi\u00e7\u00e3o a telas, do tempo envolvido com esses aparelhos eletr\u00f4nicos.<\/p>\n\n\n\n<ul class=\"wp-block-list\">\n<li>Seja por aprendizado ou conviv\u00eancia: a fam\u00edlia n\u00e3o tem o costume de se alimentar direito, no tempo certo, com alimentos mais saud\u00e1veis, e assim acabam ensinando as crian\u00e7as a se comportarem a mesma forma, mesmo sem perceber.<\/li>\n<\/ul>\n\n\n\n<ul class=\"wp-block-list\">\n<li>Seja com descontrole: A pessoa tem dificuldade em se controlar com rela\u00e7\u00e3o ao autocuidado, com rela\u00e7\u00e3o ao tempo de exposi\u00e7\u00e3o as telas, isso pode ser causado por diversos fatores. N\u00e3o consegue dar pausas no tempo em que fica vendo TV, ou nas redes sociais, ou nos videogames, ou no sites de v\u00eddeos, ou sites; para se alimentar, se hidratar ou fazer atividade f\u00edsica.<\/li>\n<\/ul>\n\n\n\n<h3 class=\"wp-block-heading has-cyan-bluish-gray-background-color has-background\">E a n\u00edvel social e psicol\u00f3gico?<\/h3>\n\n\n\n<p>At\u00e9 aqui abordamos alguns dos pontos relacionados a exposi\u00e7\u00e3o a esses equipamentos, mas existem muitos outros problemas envolvidos. <\/p>\n\n\n\n<h4 class=\"wp-block-heading has-background\" style=\"background-color:#d3e1f0\"><em>As telas s\u00e3o como que portas para um outro universo<\/em><\/h4>\n\n\n\n<p> Considerando que os celulares, computadores, tablets, smart TVs, e consoles (videogames), permitem acesso interativo a internet e assim a v\u00e1rias formas de contato com informa\u00e7\u00f5es, rede de pessoas, conte\u00fados de diversos jeitos;<\/p>\n\n\n\n<p> Com eles entramos em um &#8220;universo&#8221; virtual, onde os problemas de conviv\u00eancia, os conflitos e dificuldades que temos de conseguir lhe dar com as pessoas, diferen\u00e7as (seja de opini\u00e3o ou de se comportar), eles tamb\u00e9m podem acontecer nesses ambientes virtuais.<\/p>\n\n\n\n<p>E dependendo de como cada pessoa consegue lhe dar ou n\u00e3o, com esses problemas no ambiente virtual pode gerar fazer mal e gerar adoecimento. <\/p>\n\n\n\n<p> Vemos o cyberbullying (bullying no ambiente virtual), os problemas com os &#8220;haters&#8221;, a influencia dos likes; que podemos falar em outro artigo; tudo isso pode influenciar as pessoas. <\/p>\n\n\n<div class=\"wp-block-image\">\n<figure class=\"aligncenter size-large\"><img loading=\"lazy\" decoding=\"async\" width=\"1024\" height=\"683\" src=\"https:\/\/lucasdeoliveirapsi.com.br\/wp-content\/uploads\/2023\/06\/pexels-vidal-balielo-jr-1682519-1024x683.jpg\" alt=\"\" class=\"wp-image-1287\" srcset=\"https:\/\/lucasdeoliveirapsi.com.br\/wp-content\/uploads\/2023\/06\/pexels-vidal-balielo-jr-1682519-1024x683.jpg 1024w, https:\/\/lucasdeoliveirapsi.com.br\/wp-content\/uploads\/2023\/06\/pexels-vidal-balielo-jr-1682519-300x200.jpg 300w, https:\/\/lucasdeoliveirapsi.com.br\/wp-content\/uploads\/2023\/06\/pexels-vidal-balielo-jr-1682519-768x512.jpg 768w, https:\/\/lucasdeoliveirapsi.com.br\/wp-content\/uploads\/2023\/06\/pexels-vidal-balielo-jr-1682519-1536x1024.jpg 1536w, https:\/\/lucasdeoliveirapsi.com.br\/wp-content\/uploads\/2023\/06\/pexels-vidal-balielo-jr-1682519-2048x1365.jpg 2048w\" sizes=\"auto, (max-width: 1024px) 100vw, 1024px\" \/><figcaption class=\"wp-element-caption\">Foto de <a href=\"https:\/\/www.pexels.com\/pt-br\/foto\/menino-em-frente-a-uma-tv-de-tela-plana-1682519\/\" target=\"_blank\" rel=\"noopener\" title=\"Vidal Balielo Jr\">Vidal Balielo Jr<\/a><\/figcaption><\/figure>\n<\/div>\n\n\n<h4 class=\"wp-block-heading has-background\" style=\"background-color:#bdc9d7\">Nas crian\u00e7as<\/h4>\n\n\n\n<h5 class=\"wp-block-heading has-background\" style=\"background-color:#ffdcbd\">Sobre o conte\u00fado aos quais elas tem acesso por meio das telas<\/h5>\n\n\n\n<p>Agora, pensa nas crian\u00e7as que, durante o processo de aprendizagem sobre como conviver no mundo, lhe dar com todos esses problemas e conflitos aqui fora no mundo real, passando a ter acesso ao mundo virtual e tem contato com esses problemas l\u00e1 tamb\u00e9m.<\/p>\n\n\n\n<p>Durante o crescimento delas, assim como colocado no manual de orienta\u00e7\u00e3o elaborado pela SBP (Sociedade Brasileira de Pediatria)\u00b2, o c\u00e9rebro vai amadurecendo; e aos poucos elas v\u00e3o podendo ter mais capacidade pra entender mais sobre os problemas do mundo e sobre como lhe dar com esses problemas.<\/p>\n\n\n\n<p> Mas quando elas s\u00e3o tem contato com algo que ainda n\u00e3o conseguem compreender, dependendo do caso, isso pode fazer mal pra elas.<\/p>\n\n\n\n<p> E \u00e9 aqui que entra a necessidade de filtrar os conte\u00fados por idade, porque assim pode ser evitado esses problemas, inclusive no ambiente virtual.<\/p>\n\n\n\n<p> Ao mesmo tempo, cabe a necessidade dos respons\u00e1veis supervisionarem esse contato das crian\u00e7as com essas telas:<\/p>\n\n\n\n<ul class=\"wp-block-list\">\n<li> Observando o comportamento delas,<\/li>\n<\/ul>\n\n\n\n<ul class=\"wp-block-list\">\n<li>conversando sobre o que elas est\u00e3o fazendo no ambiente virtual, <\/li>\n<\/ul>\n\n\n\n<ul class=\"wp-block-list\">\n<li>vendo com quem elas tem contato;<\/li>\n<\/ul>\n\n\n\n<p> Para que consigam identificar quando algo n\u00e3o est\u00e1 bem e precisa de alguma interven\u00e7\u00e3o.<\/p>\n\n\n\n<p> Por isso vale a pena tentar ser mais pr\u00f3ximo delas, assim d\u00e1 pra diferenciar entre quando ela est\u00e1 bem de quando tem algo estranho que pode sinalizar algo problema.<\/p>\n\n\n\n<h5 class=\"wp-block-heading has-background\" style=\"background-color:#fee5d2\">Sobre o excesso de est\u00edmulos provocados pelas telas<\/h5>\n\n\n\n<p> Al\u00e9m disso, a quantidade de informa\u00e7\u00e3o dispon\u00edvel pode causar agita\u00e7\u00e3o. Pensa nos beb\u00eas, quando agitamos muito eles, ou colocamos muitas coisas nas sua frente, vemos ele se agitar com a grande quantidade de est\u00edmulos (seja nas cores das coisas, no movimento que elas fazem ou na mudan\u00e7a delas).  <\/p>\n\n\n\n<p> Nas tela da TV, quando elas veem v\u00eddeos elas veem muita mudan\u00e7a nas imagens (sendo o v\u00eddeo um conjunto de fotos em sequ\u00eancia, trocadas muito rapidamente), essa troca estimula. E \u00e9 poss\u00edvel observar essa agita\u00e7\u00e3o provocada por muitos est\u00edmulos aos quais eles est\u00e3o sendo expostos.<\/p>\n\n\n\n<p> Esse excesso de agita\u00e7\u00e3o pode prejudiucar o sono, atrapalhar a execu\u00e7\u00e3o de atividades que s\u00e3o importantes e necess\u00e1rias. Em cada etapa do desenvolvimento, em cada idade esse excesso pode prejudicar de formas diferentes. E por isso merece a nossa aten\u00e7\u00e3o.<\/p>\n\n\n\n<h3 class=\"wp-block-heading has-background\" style=\"background-color:#c382ff\">Sobre o tempo limite de contato com as telas, a SBP prop\u00f5em\u00b3: <\/h3>\n\n\n<div class=\"wp-block-image\">\n<figure class=\"alignleft size-large is-resized\"><img loading=\"lazy\" decoding=\"async\" src=\"https:\/\/lucasdeoliveirapsi.com.br\/wp-content\/uploads\/2023\/04\/pexels-ron-lach-9785009-683x1024.jpg\" alt=\"\" class=\"wp-image-1253\" width=\"174\" height=\"261\" srcset=\"https:\/\/lucasdeoliveirapsi.com.br\/wp-content\/uploads\/2023\/04\/pexels-ron-lach-9785009-683x1024.jpg 683w, https:\/\/lucasdeoliveirapsi.com.br\/wp-content\/uploads\/2023\/04\/pexels-ron-lach-9785009-200x300.jpg 200w, https:\/\/lucasdeoliveirapsi.com.br\/wp-content\/uploads\/2023\/04\/pexels-ron-lach-9785009-768x1152.jpg 768w, https:\/\/lucasdeoliveirapsi.com.br\/wp-content\/uploads\/2023\/04\/pexels-ron-lach-9785009-1024x1536.jpg 1024w, https:\/\/lucasdeoliveirapsi.com.br\/wp-content\/uploads\/2023\/04\/pexels-ron-lach-9785009-1365x2048.jpg 1365w, https:\/\/lucasdeoliveirapsi.com.br\/wp-content\/uploads\/2023\/04\/pexels-ron-lach-9785009-scaled.jpg 1707w\" sizes=\"auto, (max-width: 174px) 100vw, 174px\" \/><figcaption class=\"wp-element-caption\">Photo by <a href=\"https:\/\/www.pexels.com\/photo\/young-girl-using-smart-phone-9785009\/\" target=\"_blank\" rel=\"noopener\" title=\"Ron Lach\">Ron Lach<\/a><\/figcaption><\/figure>\n<\/div>\n\n\n<figure class=\"wp-block-table\"><table class=\"has-luminous-vivid-amber-to-luminous-vivid-orange-gradient-background has-background\"><tbody><tr><td class=\"has-text-align-center\" data-align=\"center\"><strong>Idade<\/strong><\/td><td class=\"has-text-align-center\" data-align=\"center\"><strong>Tempo limite de contato com telas<\/strong><\/td><\/tr><tr><td class=\"has-text-align-center\" data-align=\"center\">Menores de 2 anos<\/td><td class=\"has-text-align-center\" data-align=\"center\">Nenhum contato com telas ou videogames<\/td><\/tr><tr><td class=\"has-text-align-center\" data-align=\"center\">De 2 anos aos 5 anos<\/td><td class=\"has-text-align-center\" data-align=\"center\">At\u00e9 1h\/dia*<\/td><\/tr><tr><td class=\"has-text-align-center\" data-align=\"center\">De 6 anos aos 10 anos<\/td><td class=\"has-text-align-center\" data-align=\"center\">Entre 1h e 2h\/dia<\/td><\/tr><tr><td class=\"has-text-align-center\" data-align=\"center\">De 11 anos aos 18 anos<\/td><td class=\"has-text-align-center\" data-align=\"center\">Entre 2h e 3h\/dia<\/td><\/tr><\/tbody><\/table><figcaption class=\"wp-element-caption\">SPB. #Menos telas # Mais sa\u00fade. 2019. (p\u00e1g.07)<\/figcaption><\/figure>\n\n\n\n<p>*1h\/dia = 1 hora por dia<\/p>\n\n\n\n<p>Segundo recomenda\u00e7\u00e3o da <a href=\"https:\/\/cultura.uol.com.br\/noticias\/47888_criancas-no-celular-saiba-o-tempo-ideal-para-cada-idade.html\" target=\"_blank\" rel=\"noopener\" title=\"SBP (Sociedade Brasileira de Pediatria)\">SBP (Sociedade Brasileira de Pediatria)<\/a>.<\/p>\n\n\n\n<p> Essa tabela trata-se de um sugest\u00e3o, com base nos estudos sobre o conjunto de vari\u00e1veis que podem influenciar no desenvolvimento saud\u00e1veis das pessoas. Desde a parte f\u00edsica at\u00e9 a forma de lhe dar com as outras pessoas.<\/p>\n\n\n\n<p>Por isso recomendo a leitura: <\/p>\n\n\n\n<div class=\"wp-block-media-text alignwide is-stacked-on-mobile\" style=\"grid-template-columns:15% auto\"><figure class=\"wp-block-media-text__media\"><img loading=\"lazy\" decoding=\"async\" width=\"64\" height=\"64\" src=\"https:\/\/lucasdeoliveirapsi.com.br\/wp-content\/uploads\/2023\/01\/icons8-read-64.png\" alt=\"\" class=\"wp-image-1137 size-full\"\/><\/figure><div class=\"wp-block-media-text__content\">\n<h3 class=\"wp-block-heading has-vivid-green-cyan-background-color has-background\"><strong>Recomenda\u00e7\u00e3o de leitura<\/strong><\/h3>\n\n\n\n<ul class=\"wp-block-list\">\n<li> <a href=\"https:\/\/www.sbp.com.br\/imprensa\/detalhe\/nid\/sbp-atualiza-recomendacoes-sobre-saude-de-criancas-e-adolescentes-na-era-digital\/\" target=\"_blank\" rel=\"noopener\" title=\"\">SBP atualiza recomenda\u00e7\u00f5es sobre sa\u00fade de crian\u00e7as e adolescentes na era digital<\/a><\/li>\n<\/ul>\n\n\n\n<ul class=\"wp-block-list\">\n<li>\u00b2<a href=\"https:\/\/www.sbp.com.br\/fileadmin\/user_upload\/_22246c-ManOrient_-__MenosTelas__MaisSaude.pdf\" target=\"_blank\" rel=\"noopener\" title=\"\">Manual de Orienta\u00e7\u00e3o Grupo de Trabalho Sa\u00fade na Era Digital (2019-2021)<\/a><\/li>\n<\/ul>\n<\/div><\/div>\n\n\n\n<h2 class=\"wp-block-heading has-pale-cyan-blue-background-color has-background\">Concluindo<\/h2>\n\n\n\n<p>Existem muitos outras quest\u00f5es envolvidas com esse tema e que podemos abordar futuramente. Mas para finalizar recomendo;<\/p>\n\n\n\n<ul class=\"wp-block-list\">\n<li>Seja mais pr\u00f3ximo dos das crian\u00e7as e adolescentes por quem voc\u00ea \u00e9 respons\u00e1vel.<\/li>\n<\/ul>\n\n\n\n<ul class=\"wp-block-list\">\n<li>Tente saber onde ele navega na internet, que jogos ele tem jogado virtualmente.<\/li>\n<\/ul>\n\n\n\n<ul class=\"wp-block-list\">\n<li>Incentive atividades fora das telas desses equipamentos eletr\u00f4nicos tamb\u00e9m.<\/li>\n<\/ul>\n\n\n\n<ul class=\"wp-block-list\">\n<li>Brinque com elas.<\/li>\n<\/ul>\n\n\n\n<ul class=\"wp-block-list\">\n<li>Cuide tamb\u00e9m dos seus h\u00e1bitos. Pois elas podem se espelhar em voc\u00ea, e aprender h\u00e1bitos saud\u00e1veis ou n\u00e3o, imitando o que voc\u00ea faz.<\/li>\n<\/ul>\n\n\n\n<ul class=\"wp-block-list\">\n<li>E acolha eles, principalmente em meio as dificuldades que eles v\u00e3o tendo nesse caminho de crescimento e de aprender a lhe dar com a vida e as pessoas. <\/li>\n<\/ul>\n\n\n\n<p> Se voc\u00ea sente que tem alguma dificuldade em fazer alguma dessas coisas, ou est\u00e1 percebendo algum problema com as crian\u00e7as ou adolescentes pelos quais voc\u00ea \u00e9 respons\u00e1vel, voc\u00ea pode procurar a ajuda de um profissional da \u00e1rea da sa\u00fade.<\/p>\n\n\n\n<p> Precisando eu estou a disposi\u00e7\u00e3o.<\/p>\n\n\n\n<blockquote class=\"wp-block-quote is-layout-flow wp-block-quote-is-layout-flow\">\n<p>Confira tamb\u00e9m os artigos:<em> <a href=\"https:\/\/lucasdeoliveirapsi.com.br\/index.php\/2022\/05\/25\/escute-as-criancas\/\" target=\"_blank\" rel=\"noopener\" title=\"Escute as crian\u00e7as\">Escute as crian\u00e7as<\/a><\/em> e <a href=\"https:\/\/lucasdeoliveirapsi.com.br\/index.php\/2022\/04\/12\/nem-todo-desenho-animado-e-infantil\/\" target=\"_blank\" rel=\"noopener\" title=\"Desenho pode n\u00e3o ser infantil?\"><em>Desenho pode n\u00e3o ser infantil?<\/em><\/a><\/p>\n<\/blockquote>\n\n\n<div style=\"font-size:19px;\" class=\"wp-block-post-author\"><div class=\"wp-block-post-author__avatar\"><img alt='' src='https:\/\/secure.gravatar.com\/avatar\/89695c79f01fabba49ffc4a941f02dc7940051bfae34e94fbde396de492c1ad1?s=48&#038;d=mm&#038;r=g' srcset='https:\/\/secure.gravatar.com\/avatar\/89695c79f01fabba49ffc4a941f02dc7940051bfae34e94fbde396de492c1ad1?s=96&#038;d=mm&#038;r=g 2x' class='avatar avatar-48 photo' height='48' width='48' \/><\/div><div class=\"wp-block-post-author__content\"><p class=\"wp-block-post-author__byline\">Psic\u00f3logo Clinico (CRP-04\/63762), Bacharel em Psicologia no Centro Universit\u00e1rio de Vi\u00e7osa e p\u00f3s-graduando em Psicossom\u00e1tica no IJEP \u2013 Instituto Junguiano de Ensino e Pesquisa<\/p><p class=\"wp-block-post-author__name\">Lucas<\/p><\/div><\/div>\n\n<div class=\"wp-block-image\">\n<figure class=\"aligncenter size-full is-resized\"><img loading=\"lazy\" decoding=\"async\" src=\"https:\/\/lucasdeoliveirapsi.com.br\/wp-content\/uploads\/2022\/04\/Comparilhe.png\" alt=\"\" class=\"wp-image-129\" width=\"834\" height=\"278\" srcset=\"https:\/\/lucasdeoliveirapsi.com.br\/wp-content\/uploads\/2022\/04\/Comparilhe.png 600w, https:\/\/lucasdeoliveirapsi.com.br\/wp-content\/uploads\/2022\/04\/Comparilhe-300x100.png 300w\" sizes=\"auto, (max-width: 834px) 100vw, 834px\" \/><\/figure>\n<\/div>\n\n\n<h4 class=\"wp-block-heading has-pale-cyan-blue-background-color has-background\">Refer\u00eancias: <\/h4>\n\n\n<div class=\"wp-block-image\">\n<figure class=\"alignleft size-full is-resized\"><img loading=\"lazy\" decoding=\"async\" src=\"https:\/\/lucasdeoliveirapsi.com.br\/wp-content\/uploads\/2023\/06\/enciclopedia.png\" alt=\"\" class=\"wp-image-1286\" width=\"130\" height=\"130\" srcset=\"https:\/\/lucasdeoliveirapsi.com.br\/wp-content\/uploads\/2023\/06\/enciclopedia.png 512w, https:\/\/lucasdeoliveirapsi.com.br\/wp-content\/uploads\/2023\/06\/enciclopedia-300x300.png 300w, https:\/\/lucasdeoliveirapsi.com.br\/wp-content\/uploads\/2023\/06\/enciclopedia-150x150.png 150w, https:\/\/lucasdeoliveirapsi.com.br\/wp-content\/uploads\/2023\/06\/enciclopedia-400x400.png 400w\" sizes=\"auto, (max-width: 130px) 100vw, 130px\" \/><figcaption class=\"wp-element-caption\">por: Flat icons<\/figcaption><\/figure>\n<\/div>\n\n\n<h5 class=\"wp-block-heading\">\u00b9Artigos publicados entre 2019 e 2023 sobre exposi\u00e7\u00e3o a telas, encontrados no portal BVS<\/h5>\n\n\n\n<p>Viola, P. C. de A. F., Ribeiro, S. A. V., Carvalho, R. R. S. de ., Andreoli, C. S., Novaes, J. F. de ., Priore, S. E., Carvalho, C. A. de ., &amp; Franceschini, S. do C. C.. (2023). Situa\u00e7\u00e3o socioecon\u00f4mica, tempo de tela e de perman\u00eancia na escola e o consumo alimentar de crian\u00e7as. <em>Ci\u00eancia &amp; Sa\u00fade Coletiva<\/em>, <em>28<\/em>(1), 257\u2013267. <a href=\"https:\/\/doi.org\/10.1590\/1413-81232023281.05772022\" target=\"_blank\" rel=\"noopener\" title=\"\">https:\/\/doi.org\/10.1590\/1413-81232023281.05772022<\/a><\/p>\n\n\n\n<p>Sacramento, J. T., Menezes, C. S. A. de ., Brand\u00e3o, M. D., Broilo, M. C., Vinholes, D. B., &amp; Raimundo, F. V.. (2023). Association between time of exposure to screens and food consumption of children aged 2 to 9 years during the COVID-19 pandemic. <em>Revista Paulista De Pediatria<\/em>, <em>41<\/em>, e2021284. <a href=\"https:\/\/doi.org\/10.1590\/1984-0462\/2023\/41\/2021284\" target=\"_blank\" rel=\"noopener\" title=\"\">https:\/\/doi.org\/10.1590\/1984-0462\/2023\/41\/2021284<\/a><\/p>\n\n\n\n<p>Guerra, P. H., Martelo, R., da Silva, M. N., de Andrade, G. F., Christofaro, D. G. D., &amp; Loch, M. R.. (2023). Screen time and low back pain in children and adolescents: a systematic review of Brazilian studies. <em>Revista Paulista De Pediatria<\/em>, <em>41<\/em>, e2021342. <a href=\"https:\/\/doi.org\/10.1590\/1984-0462\/2023\/41\/2021342\" target=\"_blank\" rel=\"noopener\" title=\"\">https:\/\/doi.org\/10.1590\/1984-0462\/2023\/41\/2021342<\/a><\/p>\n\n\n\n<p>S\u00e1, C. dos S. C. de ., Pombo, A., Luz, C., Rodrigues, L. P., &amp; Cordovil, R.. (2021). COVID-19 SOCIAL ISOLATION IN BRAZIL: EFFECTS ON THE PHYSICAL ACTIVITY ROUTINE OF FAMILIES WITH CHILDREN. <em>Revista Paulista De Pediatria<\/em>, <em>39<\/em>, e2020159. <a href=\"https:\/\/doi.org\/10.1590\/1984-0462\/2021\/39\/2020159\" target=\"_blank\" rel=\"noopener\" title=\"\">https:\/\/doi.org\/10.1590\/1984-0462\/2021\/39\/2020159<\/a><\/p>\n\n\n\n<p>Silva, K. S., Minatto, G., Bandeira, A. da S., Santos, P. C. dos ., Sousa, A. C. F. C. de ., &amp; Barbosa Filho, V. C.. (2021). Sedentary behavior in children and adolescents: an update of the systematic review of the Brazil\u2019s Report Card. <em>Revista Brasileira De Cineantropometria &amp; Desempenho Humano<\/em>, <em>23<\/em>, e82645. <a href=\"https:\/\/doi.org\/10.1590\/1980-0037.2021v23e82645\" target=\"_blank\" rel=\"noopener\" title=\"\">https:\/\/doi.org\/10.1590\/1980-0037.2021v23e82645<\/a><\/p>\n\n\n\n<p>Canabrava, K. L. R., Amorim, P. R. dos S., Miranda, V. P. N., Priore, S. E., &amp; Franceschini, S. do C. C.. (2019). SEDENTARY BEHAVIOR AND CARDIOVASCULAR RISK IN CHILDREN: A SYSTEMATIC REVIEW. <em>Revista Brasileira De Medicina Do Esporte<\/em>, <em>25<\/em>(5), 433\u2013441. <a href=\"https:\/\/doi.org\/10.1590\/1517-869220192505168868\" target=\"_blank\" rel=\"noopener\" title=\"\">https:\/\/doi.org\/10.1590\/1517-869220192505168868<\/a><\/p>\n\n\n\n<p>Ferrari, G. L. de M., Pires, C., Sol\u00e9, D., Matsudo, V., Katzmarzyk, P. T., &amp; Fisberg, M.. (2019). Factors associated with objectively measured total sedentary time and screen time in children aged 9\u201311 years. <em>Jornal De Pediatria<\/em>, <em>95<\/em>(1), 94\u2013105. <a href=\"https:\/\/doi.org\/10.1016\/j.jped.2017.12.003\" target=\"_blank\" rel=\"noopener\" title=\"\">https:\/\/doi.org\/10.1016\/j.jped.2017.12.003<\/a><\/p>\n\n\n\n<h5 class=\"wp-block-heading\">\u00b3Recomenda\u00e7\u00e3o de tempo de exposi\u00e7\u00e3o a tela<\/h5>\n\n\n\n<p>Sociedade Brasileira de Pediatria. #Menos telas #Mais sa\u00fade. dez. de 2019. Dispon\u00edvel em: sbp.com.br\/fileadmin\/user_upload\/<em>22246c-ManOrient<\/em>-__MenosTelas__MaisSaude.pdf<\/p>\n","protected":false},"excerpt":{"rendered":"<p>Faz parte do nosso dia a dia \u00c9 bem normal a gente ficar parte do tempo do nosso dia na frente de telas, seja dos &#8230;. <\/p>\n","protected":false},"author":1,"featured_media":1247,"comment_status":"open","ping_status":"open","sticky":false,"template":"","format":"standard","meta":{"om_disable_all_campaigns":false,"footnotes":""},"categories":[6,7],"tags":[58,56,57,13,10,9,54],"class_list":["post-1194","post","type-post","status-publish","format-standard","has-post-thumbnail","hentry","category-desenvolvimento-infantil","category-saude-mental","tag-crianca","tag-desenvolvimento","tag-infantil","tag-psicologia","tag-saude","tag-saude-mental","tag-virtual"],"aioseo_notices":[],"_links":{"self":[{"href":"https:\/\/lucasdeoliveirapsi.com.br\/index.php\/wp-json\/wp\/v2\/posts\/1194","targetHints":{"allow":["GET"]}}],"collection":[{"href":"https:\/\/lucasdeoliveirapsi.com.br\/index.php\/wp-json\/wp\/v2\/posts"}],"about":[{"href":"https:\/\/lucasdeoliveirapsi.com.br\/index.php\/wp-json\/wp\/v2\/types\/post"}],"author":[{"embeddable":true,"href":"https:\/\/lucasdeoliveirapsi.com.br\/index.php\/wp-json\/wp\/v2\/users\/1"}],"replies":[{"embeddable":true,"href":"https:\/\/lucasdeoliveirapsi.com.br\/index.php\/wp-json\/wp\/v2\/comments?post=1194"}],"version-history":[{"count":30,"href":"https:\/\/lucasdeoliveirapsi.com.br\/index.php\/wp-json\/wp\/v2\/posts\/1194\/revisions"}],"predecessor-version":[{"id":1320,"href":"https:\/\/lucasdeoliveirapsi.com.br\/index.php\/wp-json\/wp\/v2\/posts\/1194\/revisions\/1320"}],"wp:featuredmedia":[{"embeddable":true,"href":"https:\/\/lucasdeoliveirapsi.com.br\/index.php\/wp-json\/wp\/v2\/media\/1247"}],"wp:attachment":[{"href":"https:\/\/lucasdeoliveirapsi.com.br\/index.php\/wp-json\/wp\/v2\/media?parent=1194"}],"wp:term":[{"taxonomy":"category","embeddable":true,"href":"https:\/\/lucasdeoliveirapsi.com.br\/index.php\/wp-json\/wp\/v2\/categories?post=1194"},{"taxonomy":"post_tag","embeddable":true,"href":"https:\/\/lucasdeoliveirapsi.com.br\/index.php\/wp-json\/wp\/v2\/tags?post=1194"}],"curies":[{"name":"wp","href":"https:\/\/api.w.org\/{rel}","templated":true}]}}